{"id":283809,"date":"2025-12-30T20:44:20","date_gmt":"2025-12-30T20:44:20","guid":{"rendered":"https:\/\/www.europesays.com\/it\/283809\/"},"modified":"2025-12-30T20:44:20","modified_gmt":"2025-12-30T20:44:20","slug":"su-netflix-5-serie-thriller-perfette-per-chi-ama-storie-oscure-emotive-e-ricche-di-tensione","status":"publish","type":"post","link":"https:\/\/www.europesays.com\/it\/283809\/","title":{"rendered":"Su Netflix 5 serie thriller perfette per chi ama storie oscure, emotive e ricche di tensione"},"content":{"rendered":"<p>A volte il vero mistero non \u00e8 il crimine, ma ci\u00f2 che lo genera. Queste serie su Netflix raccontano la mente umana con una profondit\u00e0 che inquieta e affascina. Preparati a non staccarti pi\u00f9 dallo schermo.<\/p>\n<p>Cerchi un <strong>thriller<\/strong> su <strong>Netflix <\/strong>che non si limiti a intrattenerti ma che ti entri sotto pelle? Ecco cinque serie che condividono un tratto distintivo: l\u2019indagine non parte mai dal delitto, ma dalla mente. Sono storie che osservano il buio interiore dei personaggi, lo decifrano, lo trasformano nel vero campo di battaglia narrativo.<\/p>\n<p>Il filo conduttore \u00e8 l\u2019esplorazione dell\u2019identit\u00e0, della colpa e dei segreti che plasmano le azioni umane, anche le pi\u00f9 estreme. E il motivo per cui vale la pena vederle \u00e8 proprio questo: mostrano quanto sia fragile il confine tra normalit\u00e0 e abisso.<\/p>\n<p>Il punto di partenza ideale \u00e8 <strong>\u201c<a href=\"https:\/\/www.agendaonline.it\/su-netflix-una-serie-tv-thriller-tratta-da-una-storia-vera-sul-cacciatore-di-serial-killer\/\" data-type=\"post\" data-id=\"285611\" rel=\"nofollow noopener\" target=\"_blank\">Mindhunter<\/a>\u201d<\/strong>, ambientata nel 1977 e centrata sui primi passi della moderna profilazione criminale all\u2019interno dell\u2019<strong>FBI<\/strong>. L\u2019agente Holden Ford e il collega Bill Tench danno forma a quella che diventer\u00e0 la Behavioral Science Unit, intervistando serial killer reali per comprendere il movente, la logica, la struttura dei loro comportamenti.<\/p>\n<p>La regia rigorosa e chirurgica di <strong>David Fincher<\/strong> costruisce un thriller privo di spettacolarizzazione, dominato da dialoghi, sguardi e silenzi che parlano pi\u00f9 di qualsiasi azione. \u00c8 una serie che apre una finestra sul male come oggetto di studio, non di sensazionalismo, e ne fa emergere l\u2019inquietante normalit\u00e0.<\/p>\n<p><img loading=\"lazy\" data-lazyloaded=\"1\" decoding=\"async\" width=\"1024\" height=\"535\" src=\"https:\/\/www.europesays.com\/it\/wp-content\/uploads\/2025\/12\/serie-tv-netflix-thriller-serial-killer-1-1024x535.jpg\" alt=\"Jonathan Groff in Mindhunter, Serie tv thriller su Netflix\" class=\"wp-image-285834\" title=\"Jonathan Groff in Mindhunter, Serie tv thriller su Netflix Netflix\"  data-\/>Jonathan Groff in Mindhunter, Serie tv thriller su Netflix<\/p>\n<p>Accanto all\u2019indagine scientifica, <strong>\u201c<a href=\"https:\/\/www.agendaonline.it\/su-netflix-ce-the-sinner-una-miniserie-thriller-super-premiata-consigliatissima\/\" data-type=\"post\" data-id=\"285095\" rel=\"nofollow noopener\" target=\"_blank\">The Sinner<\/a>\u201d<\/strong> propone una prospettiva complementare: ci\u00f2 che spaventa non \u00e8 il crimine, ma la frattura emotiva che lo precede. Ogni stagione ruota attorno al detective Harry Ambrose, impegnato a comprendere non solo cosa sia accaduto, ma cosa abbia distrutto interiormente i protagonisti dei diversi casi. Nella prima stagione, l\u2019esplosione improvvisa di violenza da parte di una donna apparentemente stabile apre una spirale di traumi rimossi; nella seconda, un adolescente che uccide i propri genitori porta alla luce dinamiche familiari e segreti collettivi; nelle stagioni successive la serie continua a interrogare il rapporto tra verit\u00e0 e percezione. Il formato in <strong>otto episodi<\/strong> per stagione mantiene la tensione costante e rende ogni indagine un viaggio emotivo autonomo.<\/p>\n<p><img loading=\"lazy\" data-lazyloaded=\"1\" decoding=\"async\" width=\"1024\" height=\"535\" src=\"https:\/\/www.europesays.com\/it\/wp-content\/uploads\/2025\/12\/miniserie-thriller-netflix-1024x535.jpg\" alt=\"Miniserie thriller da vedere su Netflix\" class=\"wp-image-285142\" title=\"Miniserie thriller da vedere su Netflix Netflix\"  data-\/>The Sinner Miniserie thriller da vedere su Netflix<\/p>\n<p>Il passato diventa invece protagonista in <strong>\u201c<a href=\"https:\/\/www.agendaonline.it\/tratta-da-una-storia-vera-miniserie-drammatica-su-netflix\/\" data-type=\"post\" data-id=\"304629\" rel=\"nofollow noopener\" target=\"_blank\">L\u2019altra Grace<\/a>\u201d<\/strong>, raffinata miniserie tratta dal romanzo di <strong>Margaret Atwood<\/strong>. Il Canada di met\u00e0 Ottocento \u00e8 lo sfondo di una vicenda che mescola delitto, disparit\u00e0 sociali e pregiudizi di genere. La giovane Grace Marks, domestica irlandese accusata dell\u2019omicidio del datore di lavoro, resta per tutta la narrazione una figura ambigua: vittima, colpevole, manipolata o manipolatrice? La regia di <strong>Mary Harron<\/strong> e la sceneggiatura di <strong>Sarah Polley<\/strong> mantengono l\u2019equilibrio tra ricostruzione storica e introspezione psicologica, restituendo un ritratto complesso di un\u2019epoca in cui la verit\u00e0 di una donna contava meno della convenienza sociale. Il risultato \u00e8 un thriller storico che vive di sfumature e ambivalenze.<\/p>\n<p><img loading=\"lazy\" data-lazyloaded=\"1\" decoding=\"async\" width=\"1024\" height=\"550\" src=\"https:\/\/www.europesays.com\/it\/wp-content\/uploads\/2025\/12\/miniserie-netflix-drammatica-1024x550.jpg\" alt=\"L\u2019altra Grace su Netflix una miniserie drammatica\" class=\"wp-image-304751\" title=\"L\u2019altra Grace su Netflix una miniserie drammatica Netflix\"  data-\/>L\u2019altra Grace su Netflix una miniserie thriller drammatica<\/p>\n<p>Con <strong>\u201c<a href=\"https:\/\/www.agendaonline.it\/su-netflix-una-miniserie-thriller-psicologica-oscura-e-disturbante\/\" rel=\"nofollow noopener\" target=\"_blank\">The Beast in Me<\/a>\u201d<\/strong>, il thriller psicologico assume una dimensione ancora pi\u00f9 intima. La serie mette al centro Aggie Wiggs, scrittrice isolata dopo un lutto devastante, e il suo nuovo vicino Nile Jarvis, uomo potente e controverso segnato da un sospetto di omicidio. L\u2019incontro tra i due genera un rapporto sospeso tra attrazione e inquietudine, mentre l\u2019indagine che Aggie avvia per scrivere un nuovo libro diventa un percorso di discesa nelle zone pi\u00f9 oscure dell\u2019animo umano. La regia alternata di Antonio Campos, Tyne Rafaeli e Lila Neugebauer costruisce un clima di sospensione continua, fatto di dettagli minimi, sguardi trattenuti e silenzi che pesano quanto le rivelazioni. \u00c8 un thriller che non urla, ma scava.<\/p>\n<p>Infine sempre su Netflix, <strong>\u201c<a href=\"https:\/\/www.agendaonline.it\/su-netflix-una-miniserie-thriller-imperdibile-e-coinvolgente-da-vedere\/\" data-type=\"post\" data-id=\"297209\" rel=\"nofollow noopener\" target=\"_blank\">Stay Close<\/a>\u201d<\/strong>, tratto da un romanzo di <strong><a href=\"https:\/\/www.agendaonline.it\/tag\/harlan-coben\/\" data-type=\"post_tag\" data-id=\"4690\" rel=\"nofollow noopener\" target=\"_blank\">Harlan Coben<\/a><\/strong>, riprende la tradizione del thriller corale, costruito su segreti che ritornano dopo anni per ribaltare vite apparentemente solide. L\u2019indagine del detective Broome si intreccia con sparizioni irrisolte, identit\u00e0 nascoste e famiglie che tentano invano di proteggersi dal passato. La narrazione procede come un puzzle: flashback, connessioni inattese e un crescendo di tensione che trova nel finale il colpo di scena tipico delle opere di Coben. Un thriller costruito per essere divorato in otto episodi, perfetto per chi ama i meccanismi narrativi ad orologeria.<\/p>\n<p>Cinque titoli diversi, un\u2019unica direzione: entrare nella mente, non nel clamore. Su <strong>Netflix<\/strong> questi thriller funzionano perch\u00e9 mettono lo spettatore davanti alle zone d\u2019ombra dell\u2019essere umano, mostrando quanto ogni verit\u00e0 sia fragile, sfaccettata, spesso disturbante. E ricordano che il mistero pi\u00f9 difficile da decifrare non \u00e8 quello sulla scena del crimine, ma quello che ciascuno porta dentro di s\u00e9.<\/p>\n","protected":false},"excerpt":{"rendered":"A volte il vero mistero non \u00e8 il crimine, ma ci\u00f2 che lo genera. Queste serie su Netflix&hellip;\n","protected":false},"author":3,"featured_media":283810,"comment_status":"","ping_status":"","sticky":false,"template":"","format":"standard","meta":{"footnotes":""},"categories":[1444],"tags":[203,204,1537,90,89,253],"class_list":{"0":"post-283809","1":"post","2":"type-post","3":"status-publish","4":"format-standard","5":"has-post-thumbnail","7":"category-tv","8":"tag-entertainment","9":"tag-intrattenimento","10":"tag-it","11":"tag-italia","12":"tag-italy","13":"tag-tv"},"share_on_mastodon":{"url":"https:\/\/pubeurope.com\/@it\/115810472097033609","error":""},"_links":{"self":[{"href":"https:\/\/www.europesays.com\/it\/wp-json\/wp\/v2\/posts\/283809","targetHints":{"allow":["GET"]}}],"collection":[{"href":"https:\/\/www.europesays.com\/it\/wp-json\/wp\/v2\/posts"}],"about":[{"href":"https:\/\/www.europesays.com\/it\/wp-json\/wp\/v2\/types\/post"}],"author":[{"embeddable":true,"href":"https:\/\/www.europesays.com\/it\/wp-json\/wp\/v2\/users\/3"}],"replies":[{"embeddable":true,"href":"https:\/\/www.europesays.com\/it\/wp-json\/wp\/v2\/comments?post=283809"}],"version-history":[{"count":0,"href":"https:\/\/www.europesays.com\/it\/wp-json\/wp\/v2\/posts\/283809\/revisions"}],"wp:featuredmedia":[{"embeddable":true,"href":"https:\/\/www.europesays.com\/it\/wp-json\/wp\/v2\/media\/283810"}],"wp:attachment":[{"href":"https:\/\/www.europesays.com\/it\/wp-json\/wp\/v2\/media?parent=283809"}],"wp:term":[{"taxonomy":"category","embeddable":true,"href":"https:\/\/www.europesays.com\/it\/wp-json\/wp\/v2\/categories?post=283809"},{"taxonomy":"post_tag","embeddable":true,"href":"https:\/\/www.europesays.com\/it\/wp-json\/wp\/v2\/tags?post=283809"}],"curies":[{"name":"wp","href":"https:\/\/api.w.org\/{rel}","templated":true}]}}