{"id":284115,"date":"2025-12-31T01:19:14","date_gmt":"2025-12-31T01:19:14","guid":{"rendered":"https:\/\/www.europesays.com\/it\/284115\/"},"modified":"2025-12-31T01:19:14","modified_gmt":"2025-12-31T01:19:14","slug":"ambra-con-renga-amore-folle-dopo-la-bulimia-allontanavo-tutti-lui-mi-ha-rubato-il-cuore-oggi-un-rapporto-stupendo-ma-sono-innamorata-di-un-altro-uomo-che-non-lo-sa","status":"publish","type":"post","link":"https:\/\/www.europesays.com\/it\/284115\/","title":{"rendered":"Ambra: \u00abCon Renga amore folle, dopo la bulimia allontanavo tutti: lui mi ha rubato il cuore. Oggi un rapporto stupendo, ma sono innamorata di un altro uomo (che non lo sa&#8230;)\u00bb"},"content":{"rendered":"<p>    di<br \/>\n    Luca Bertelli<\/p>\n<p class=\"summary-art is-line-h-12\">Le confessioni a Domenica In: \u00abLa prima volta a letto con Francesco siamo rimasti solo abbracciati ma avevo capito che c&#8217;era una stessa anima che ci avvolgeva: \u00e8 la cosa pi\u00f9 romantica che mi sia mai successa&#8221;. Il presente: &#8220;Ha una nuova compagna e rispetto la sua vita: io lo frequento meno con i miei compagni perch\u00e9 cambiano&#8230;\u00bb<\/p>\n<p class=\"chapter-paragraph\">La serie &#8220;Gigol\u00f2 per caso&#8221;, che la vede tra i protagonisti, \u00e8 in partenza dal 2 gennaio su Prime Video. <b>Ambra Angiolini<\/b> si gode per\u00f2 il felice momento che sta vivendo <b>a teatro<\/b>: \u00abQui siamo ancora il meglio di noi stessi come esseri umani, <b>sto organizzando la prima regia di un monologo che feci anni fa e in estate apriremo<\/b>: ora mi sento proprietaria del mio marchio\u00bb.\u00a0<\/p>\n<p class=\"chapter-paragraph\">A &#8220;<b>Domenica In<\/b>&#8220;, nella puntata dello scorso 28 dicembre, si \u00e8 raccontata senza filtri a <b>Mara Venier<\/b>: al centro della chiacchierata tanti temi, tra cui il cinema e il legame con l&#8217;amico comune <b>Ferzan Ozpetek<\/b> (\u00abFerzan dopo &#8220;Saturno Contro&#8221; mi ha permesso di capire che potevo funzionare com&#8217;ero, come mi sentivo io nella realt\u00e0, nella vita vera: \u00e8 difficile trovare qualcuno che ti dica che stai bene cos\u00ec anche se disordinata. <b>Il film l&#8217;ho fatto per Ozpetek, i premi sono stati un regalo enorme, per lui farei anche la coperta sul divano. Poi \u00e8 ipocondriaco come me<\/b>&#8230;\u00bb). Inevitabile parlare poi anche d&#8217;amore, a partire dal rapporto con l&#8217;ex compagno <b>Francesco Renga <\/b>e con i figli della coppia,<b> Jolanda e Leonardo<\/b>.    &#13;<br \/>\n&#13;<br \/>\n&#13;<br \/>\n&#13;<br \/>\n&#13;<br \/>\n&#13;<br \/>\n&#13;<br \/>\n&#13;<br \/>\n&#13;<br \/>\n&#13;<br \/>\n&#13;<br \/>\n&#13;<br \/>\n&#13;<br \/>\n&#13;<br \/>\n&#13;<br \/>\n&#13;<br \/>\n&#13;<br \/>\n&#13;<br \/>\n&#13;<br \/>\n&#13;<br \/>\n&#13;<br \/>\n&#13;<br \/>\n&#13;<br \/>\n&#13;<br \/>\n&#13;<br \/>\n&#13;<br \/>\n&#13;<br \/>\n&#13;<br \/>\n&#13;<br \/>\n&#13;<br \/>\n&#13;<br \/>\n&#13;<br \/>\n&#13;<br \/>\n&#13;<br \/>\n&#13;<br \/>\n&#13;<br \/>\n&#13;<br \/>\n&#13;<br \/>\n&#13;<br \/>\n&#13;<br \/>\n&#13;<br \/>\n&#13;<br \/>\n&#13;<br \/>\n&#13;<br \/>\n&#13;<br \/>\n&#13;<br \/>\n&#13;<br \/>\n&#13;<br \/>\n&#13;<br \/>\n&#13;<br \/>\n&#13;<br \/>\n&#13;<br \/>\n&#13;\n<\/p>\n<p class=\"chapter-paragraph\">\u00abHo avuto una vita spericolata &#8211; ha raccontato Ambra &#8211; ora vivo a Milano e non pi\u00f9 a Brescia: quando io e Fra ci siamo separati sono rimasta due anni per un assestamento, <b>a Brescia sono stata benissimo e sarebbe stata una punizione nei suoi confronti se io fossi tornata a Roma e lo avessi allontanato dai bambini<\/b>. Ci siamo spostati con Jolanda quando ha iniziato l&#8217;universit\u00e0, mentre Leonardo vive con il pap\u00e0 a Brescia\u00bb. Quindi, le parole piene d&#8217;affetto per Renga: <b>un amore travolgente che ora si \u00e8 trasformato restando autentico e unico<\/b>. \u00abCon lui ho un rapporto stupendo, bellissimo anche se diverso da prima: era bello quando stavamo assieme da fidanzati ed \u00e8 bello ora che non lo siamo. Certe cose accadono, poi bisogna dare loro una forma &#8211; ha continuato &#8211; <b>Francesco \u00e8 un uomo che ho amato follemente: non ho mantenuto questo rapporto per i figli ma per lui, per ricordarmi come mai avevo deciso che potesse essere l&#8217;uomo della mia vita<\/b>. Ci siamo amati molto, mi sono innamorata di lui ma inizialmente volevo che si fidanzasse con una mia amica perch\u00e9 io non mi sentivo meritevole di un fidanzato in quel momento. <b>Arrivavo dalla bulimia, non amavo me e il mio corpo: cercavo di allontanare tutti, di tenere una distanza. Fra invece mi ha rubato il cuore\u00bb.<\/b><\/p>\n<p>    \u00abIn camera da letto la prima volta lo trovai nudo, ma non era come sembra: voleva mostrare le sue cicatrici, rimanemmo abbracciati\u00bb\u00a0<\/p>\n<p class=\"chapter-paragraph\">C&#8217;\u00e8 spazio anche per un aneddoto: \u00ab<b>La prima sera arriviamo in camera da letto, abbasso le tapparelle e mi giro, lui era in mutande ma mi disse: &#8220;Non \u00e8 come pensi&#8230;&#8221;.<\/b> Voleva farmi vedere le sue cicatrici e le cose che non gli piacevano di lui &#8211; racconta &#8211; mi consegn\u00f2 le sue debolezze e io feci la stessa cosa. Non abbiamo fatto niente quella sera &#8211; ricorda &#8211; <b>siamo rimasti solo abbracciati ma avevo capito che c&#8217;era una stessa anima che ci avvolgeva<\/b>: \u00e8 la cosa pi\u00f9 romantica che mi sia mai successa. Quello sguardo che lui ha su di me e io ho su di lui resta, anche se Francesco ora ha una nuova compagna e rispetto molto la sua vita: <b>ci frequentiamo, non c&#8217;\u00e8 nessun tipo di chiusura, io lo frequento meno con i miei compagni perch\u00e9 i miei cambiano&#8230;\u00bb.<\/b><\/p>\n<p>    La rivelazione:\u00a0\u00abSono innamorata di un uomo, ma lui non sa che \u00e8 fidanzato con me: \u00e8 imbarazzante ma \u00e8 bello sentirsi stupidi\u00bb\u00a0<\/p>\n<p class=\"chapter-paragraph\">E qui arriva la rivelazione inaspettata sul presente affettivo di Angiolini: \u00abForse io troppe volte mi sono innamorata del progetto che avevo su quella persona, invece che della persona stessa, tranne che con Francesco. <b>Ora sono innamorata ancora, ma quella persona non lo sa: io mi sono fidanzata con quest&#8217;uomo, ma lui non sa che \u00e8 fidanzato con me<\/b>. A volte innamorarsi e basta \u00e8 fantastico. Lo penso, mi immagino con lui che non lo sa. Adesso qualcuno glielo dir\u00e0, <b>\u00e8 imbarazzante ma \u00e8 bello che io mi senta cos\u00ec stupida per questo sentimento<\/b>\u00bb.<\/p>\n<p class=\"is-mr-t-20 is-mr-b-20\"><b><br \/>\n                    <a href=\"https:\/\/brescia.corriere.it\/?intcmp=Notizielocali_nd_010623_corriere_ss_brescia\" target=\"_blank\" rel=\"nofollow noopener\">Vai a tutte le notizie di Brescia<\/a><br \/>\n            <\/b><\/p>\n<p class=\"chapter-paragraph\"><b><a href=\"https:\/\/www.corriere.it\/newsletter\/?theme=62&amp;intcmp=NL-artic_nd_050624_corriere_ss_brescia\" target=\"_blank\" rel=\"nofollow noopener\">Iscriviti alla newsletter di Corriere Brescia<\/a><\/b><\/p>\n<p class=\"is-last-update\" datetime=\"2025-12-30T13:00:35+01:00\">30 dicembre 2025<\/p>\n<p class=\"is-copyright\">\n            \u00a9 RIPRODUZIONE RISERVATA\n        <\/p>\n","protected":false},"excerpt":{"rendered":"di Luca Bertelli Le confessioni a Domenica In: \u00abLa prima volta a letto con Francesco siamo rimasti solo&hellip;\n","protected":false},"author":3,"featured_media":284116,"comment_status":"","ping_status":"","sticky":false,"template":"","format":"standard","meta":{"footnotes":"","_share_on_mastodon":"0"},"categories":[174],"tags":[85186,167230,167231,24538,87,24561,7678,167232,167233,167234,167235,167236,2873,6073,40114,16976,817,46642,3079,167237,167238,138221,6982,167239,4021,167240,122,6036,1112,203,167241,5226,2731,1250,58069,167242,38622,204,1537,90,89,3599,1915,899,101022,6193],"class_list":["post-284115","post","type-post","status-publish","format-standard","has-post-thumbnail","category-intrattenimento","tag-abbracciati","tag-abbracciati-capito","tag-abbracciati-capito-anima","tag-ambra","tag-amore","tag-angiolini","tag-anima","tag-anima-avvolgeva","tag-anima-avvolgeva-romantica","tag-avvolgeva","tag-avvolgeva-romantica","tag-avvolgeva-romantica-successa","tag-bello","tag-brescia","tag-bulimia","tag-cambiano","tag-camera","tag-camera-letto","tag-capito","tag-capito-anima","tag-capito-anima-avvolgeva","tag-cicatrici","tag-compagna","tag-compagna-rispetto","tag-compagni","tag-compagni-cambiano","tag-cose","tag-cuore","tag-domenica","tag-entertainment","tag-ferzan","tag-fidanzato","tag-figli","tag-francesco","tag-frequento","tag-frequento-compagni","tag-innamorata","tag-intrattenimento","tag-it","tag-italia","tag-italy","tag-letto","tag-persona","tag-rapporto","tag-renga","tag-sa"],"share_on_mastodon":{"url":"","error":"Validation failed: Text character limit of 500 exceeded"},"_links":{"self":[{"href":"https:\/\/www.europesays.com\/it\/wp-json\/wp\/v2\/posts\/284115","targetHints":{"allow":["GET"]}}],"collection":[{"href":"https:\/\/www.europesays.com\/it\/wp-json\/wp\/v2\/posts"}],"about":[{"href":"https:\/\/www.europesays.com\/it\/wp-json\/wp\/v2\/types\/post"}],"author":[{"embeddable":true,"href":"https:\/\/www.europesays.com\/it\/wp-json\/wp\/v2\/users\/3"}],"replies":[{"embeddable":true,"href":"https:\/\/www.europesays.com\/it\/wp-json\/wp\/v2\/comments?post=284115"}],"version-history":[{"count":0,"href":"https:\/\/www.europesays.com\/it\/wp-json\/wp\/v2\/posts\/284115\/revisions"}],"wp:featuredmedia":[{"embeddable":true,"href":"https:\/\/www.europesays.com\/it\/wp-json\/wp\/v2\/media\/284116"}],"wp:attachment":[{"href":"https:\/\/www.europesays.com\/it\/wp-json\/wp\/v2\/media?parent=284115"}],"wp:term":[{"taxonomy":"category","embeddable":true,"href":"https:\/\/www.europesays.com\/it\/wp-json\/wp\/v2\/categories?post=284115"},{"taxonomy":"post_tag","embeddable":true,"href":"https:\/\/www.europesays.com\/it\/wp-json\/wp\/v2\/tags?post=284115"}],"curies":[{"name":"wp","href":"https:\/\/api.w.org\/{rel}","templated":true}]}}