{"id":284879,"date":"2025-12-31T14:00:11","date_gmt":"2025-12-31T14:00:11","guid":{"rendered":"https:\/\/www.europesays.com\/it\/284879\/"},"modified":"2025-12-31T14:00:11","modified_gmt":"2025-12-31T14:00:11","slug":"800-euro-in-piu-allanno-e-il-tfs-arrivera-prima-gli-effetti-della-manovra","status":"publish","type":"post","link":"https:\/\/www.europesays.com\/it\/284879\/","title":{"rendered":"800 euro in pi\u00f9 all&#8217;anno. E il Tfs arriver\u00e0 prima. Gli effetti della manovra"},"content":{"rendered":"<p>La detassazione degli straordinari garantir\u00e0 ai lavoratori della Pa un bonus annuo di 800 euro. La liquidazione del trattamento di fine servizio per i dipendenti pubblici subir\u00e0 un&#8217;accelerazione a partire dal 2027. Per poliziotti e militari cambiano i requisiti per andare in pensione: usciranno dal lavoro sei mesi pi\u00f9 tardi a decorrere dal 2030.<\/p>\n<p>Ai fini del riconoscimento della peculiare attivit\u00e0 svolta dai dirigenti medici, dagli infermieri, dagli assistenti infermieri e dagli operatori sociosanitari impiegati nei pronto soccorso, a decorrere dal 1\u00b0 gennaio 2026 e sino al 31 dicembre 2029 le regioni potranno aumentare dell&#8217;1% i fondi destinati ai premi e alle indennit\u00e0 per questa categoria di lavoratori. Sono queste le principali misure per i dipendenti pubblici contenute nella nuova legge di Bilancio.<\/p>\n","protected":false},"excerpt":{"rendered":"La detassazione degli straordinari garantir\u00e0 ai lavoratori della Pa un bonus annuo di 800 euro. La liquidazione del&hellip;\n","protected":false},"author":3,"featured_media":284880,"comment_status":"","ping_status":"","sticky":false,"template":"","format":"standard","meta":{"footnotes":"","_share_on_mastodon":"0"},"categories":[6],"tags":[14,21929,26545,8,1537,90,89,12648,6771,7,15,82,9,83,10,28880,49664,49665,71251,53219,13,11,80,84,12,81,85],"class_list":["post-284879","post","type-post","status-publish","format-standard","has-post-thumbnail","category-ultime-notizie","tag-cronaca","tag-dipendenti-pubblici","tag-flat-tax","tag-headlines","tag-it","tag-italia","tag-italy","tag-legge-di-bilancio","tag-manovra","tag-news","tag-notizie","tag-notizie-di-cronaca","tag-notizie-principali","tag-notiziedicronaca","tag-notizieprincipali","tag-pa","tag-statali","tag-stipendi-statali","tag-straordinari","tag-tfr","tag-titoli","tag-ultime-notizie","tag-ultime-notizie-di-cronaca","tag-ultime-notizie-e-news-di-oggi","tag-ultimenotizie","tag-ultimenotiziedicronaca","tag-ultimenotizieenewsdioggi"],"share_on_mastodon":{"url":"https:\/\/pubeurope.com\/@it\/115814545622422446","error":""},"_links":{"self":[{"href":"https:\/\/www.europesays.com\/it\/wp-json\/wp\/v2\/posts\/284879","targetHints":{"allow":["GET"]}}],"collection":[{"href":"https:\/\/www.europesays.com\/it\/wp-json\/wp\/v2\/posts"}],"about":[{"href":"https:\/\/www.europesays.com\/it\/wp-json\/wp\/v2\/types\/post"}],"author":[{"embeddable":true,"href":"https:\/\/www.europesays.com\/it\/wp-json\/wp\/v2\/users\/3"}],"replies":[{"embeddable":true,"href":"https:\/\/www.europesays.com\/it\/wp-json\/wp\/v2\/comments?post=284879"}],"version-history":[{"count":0,"href":"https:\/\/www.europesays.com\/it\/wp-json\/wp\/v2\/posts\/284879\/revisions"}],"wp:featuredmedia":[{"embeddable":true,"href":"https:\/\/www.europesays.com\/it\/wp-json\/wp\/v2\/media\/284880"}],"wp:attachment":[{"href":"https:\/\/www.europesays.com\/it\/wp-json\/wp\/v2\/media?parent=284879"}],"wp:term":[{"taxonomy":"category","embeddable":true,"href":"https:\/\/www.europesays.com\/it\/wp-json\/wp\/v2\/categories?post=284879"},{"taxonomy":"post_tag","embeddable":true,"href":"https:\/\/www.europesays.com\/it\/wp-json\/wp\/v2\/tags?post=284879"}],"curies":[{"name":"wp","href":"https:\/\/api.w.org\/{rel}","templated":true}]}}