{"id":284983,"date":"2025-12-31T15:34:12","date_gmt":"2025-12-31T15:34:12","guid":{"rendered":"https:\/\/www.europesays.com\/it\/284983\/"},"modified":"2025-12-31T15:34:12","modified_gmt":"2025-12-31T15:34:12","slug":"juve-conceicao-in-dubbio-per-il-lecce-spalletti-studia-3-soluzioni","status":"publish","type":"post","link":"https:\/\/www.europesays.com\/it\/284983\/","title":{"rendered":"Juve, Concei\u00e7ao in dubbio per il Lecce: Spalletti studia 3 soluzioni"},"content":{"rendered":"<p>                                Il portoghese anche oggi non si \u00e8 allenato con i compagni: a tre giorni dal match contro i salentini l&#8217;allenatore bianconero studia alternative<\/p>\n<p>            <a class=\"image is-50x50\" href=\"https:\/\/www.gazzetta.it\/redazione\/fabio-russo\/\" rel=\"nofollow noopener\" target=\"_blank\"><br \/>\n                <img decoding=\"async\" class=\"is-rounded\" src=\"https:\/\/www.europesays.com\/it\/wp-content\/uploads\/2025\/11\/fabio_russo_avatar.png\" alt=\"Fabio Russo\"\/><br \/>\n            <\/a><\/p>\n<p>Giornalista<\/p>\n<p>                    31 dicembre 2025 (modifica alle 14:48)  &#8211; MILANO<\/p>\n<p class=\"paragraph\" spellcheck=\"true\">Tutto intorno a Francisco Concei\u00e7ao. A tre giorni dal ritorno in campo in Serie A contro il Lecce, alla prima del nuovo anno, Luciano Spalletti non sa ancora se potr\u00e0 contare sul portoghese, che oggi ieri ha lavorato a parte dopo l&#8217;affaticamento subito nel finale della partita contro la Roma. Il suo recupero sarebbe determinante per riportare la Juve all&#8217;assetto base del 3-4-2-1 visto fin qui (senza la necessit\u00e0 di adattare Koopmeiners in una posizione che gradisce poco) ma non si correranno rischi. Se il figlio d&#8217;arte non dovesse farcela, ecco che per il tecnico juventino si aprono tre possibili soluzioni.\u00a0<\/p>\n<p>    juve, concei\u00e7ao in dubbio per il lecce\u2014 \u00a0<\/p>\n<p class=\"paragraph is-inline\" spellcheck=\"true\">La prima \u00e8, come detto, la conferma dell&#8217;ex Atalanta sulla trequarti. &#8220;Pu\u00f2 giocare da tutte le parti perch\u00e9 porta il suo stile di gioco. Giocando spalle alla porta, con il Pisa che arretrava, ha avuto difficolt\u00e0 perch\u00e9 non \u00e8 un calciatore che se ha la palla sui piedi si gira in un attimo, ma pu\u00f2 mettere filtranti importanti. Quando l&#8217;ho abbassato ha fatto meglio&#8221;, aveva confessato Spalletti nella &#8220;pancia&#8221; della &#8220;Cetilar Arena&#8221;, facendo comunque presagire che questa soluzione poteva essere riproposta. Anche perch\u00e9 permetterebbe all&#8217;allenatore bianconero di non spostare troppe pedine sul campo, confermando la quasi totalit\u00e0 di una squadra che, nell&#8217;ultimo mese, ha trovato continuit\u00e0 di rendimento e di risultati (7 vittorie nelle ultime 8 partite).<\/p>\n<p>    juve-lecce, chi al posto di concei\u00e7ao?\u2014 \u00a0<\/p>\n<p class=\"paragraph is-inline\" spellcheck=\"true\">La seconda alternativa \u00e8 il rilancio di Zhegrova dall&#8217;inizio, ma le controindicazioni sono legate <a href=\"https:\/\/www.gazzetta.it\/Calcio\/Serie-A\/Juventus\/29-12-2025\/juve-zhegrova-e-il-recupero-fisico-come-l-ha-guarito-spalletti.shtml?intcmp=hyperlink-articolo-gazit\" title=\"Zhegrova \u00e8 solo al 75%: lavori di forza e mentalit\u00e0, cos\u00ec \" zeppetta=\"\" ha=\"\" convinto=\"\" juve=\"\" e=\"\" spalletti=\"\" rel=\"nofollow noopener\" target=\"_blank\">alla condizione precaria del kosovaro<\/a>, che, nell&#8217;unica occasione in cui \u00e8 partito titolare (contro il Pafos in Champions) ha faticato.\u00a0Altrimenti, c&#8217;\u00e8 l&#8217;opzione dell&#8217;avanzamento di McKennie sulla trequarti, con l&#8217;inserimento di Kostic a sinistra a met\u00e0 campo. Una soluzione che aveva funzionato bene a Cremona nella gara d&#8217;esordio di Spalletti e in Coppa Italia contro l&#8217;Udinese, meno a Firenze e a Napoli. Gi\u00e0 perch\u00e9 tra coloro che non sono ancora tornati a disposizione c&#8217;\u00e8 pure Juan Cabal, il che limita al minimo le scelte sulle corsie esterne.\u00a0<\/p>\n<p class=\"is-copyright\">\u00a9 RIPRODUZIONE RISERVATA<\/p>\n","protected":false},"excerpt":{"rendered":"Il portoghese anche oggi non si \u00e8 allenato con i compagni: a tre giorni dal match contro i&hellip;\n","protected":false},"author":3,"featured_media":284984,"comment_status":"","ping_status":"","sticky":false,"template":"","format":"standard","meta":{"footnotes":"","_share_on_mastodon":"0"},"categories":[1452],"tags":[35448,167777,167778,44503,167779,167780,1960,117221,10575,721,921,7801,1740,1537,90,89,565,167776,6296,98,13201,1739,6444,24787,24806,245,244,101019,51890],"class_list":["post-284983","post","type-post","status-publish","format-standard","has-post-thumbnail","category-calcio","tag-abbassato","tag-abbassato-confessato","tag-abbassato-confessato-spalletti","tag-adattare","tag-adattare-koopmeiners","tag-adattare-koopmeiners-posizione","tag-allenatore","tag-allenatore-bianconero","tag-bianconero","tag-calcio","tag-campo","tag-conceicao","tag-football","tag-it","tag-italia","tag-italy","tag-juve","tag-juve-conceicao","tag-lecce","tag-porta","tag-portoghese","tag-soccer","tag-soluzione","tag-soluzioni","tag-spalletti","tag-sport","tag-sports","tag-studia","tag-trequarti"],"share_on_mastodon":{"url":"https:\/\/pubeurope.com\/@it\/115814915361669347","error":""},"_links":{"self":[{"href":"https:\/\/www.europesays.com\/it\/wp-json\/wp\/v2\/posts\/284983","targetHints":{"allow":["GET"]}}],"collection":[{"href":"https:\/\/www.europesays.com\/it\/wp-json\/wp\/v2\/posts"}],"about":[{"href":"https:\/\/www.europesays.com\/it\/wp-json\/wp\/v2\/types\/post"}],"author":[{"embeddable":true,"href":"https:\/\/www.europesays.com\/it\/wp-json\/wp\/v2\/users\/3"}],"replies":[{"embeddable":true,"href":"https:\/\/www.europesays.com\/it\/wp-json\/wp\/v2\/comments?post=284983"}],"version-history":[{"count":0,"href":"https:\/\/www.europesays.com\/it\/wp-json\/wp\/v2\/posts\/284983\/revisions"}],"wp:featuredmedia":[{"embeddable":true,"href":"https:\/\/www.europesays.com\/it\/wp-json\/wp\/v2\/media\/284984"}],"wp:attachment":[{"href":"https:\/\/www.europesays.com\/it\/wp-json\/wp\/v2\/media?parent=284983"}],"wp:term":[{"taxonomy":"category","embeddable":true,"href":"https:\/\/www.europesays.com\/it\/wp-json\/wp\/v2\/categories?post=284983"},{"taxonomy":"post_tag","embeddable":true,"href":"https:\/\/www.europesays.com\/it\/wp-json\/wp\/v2\/tags?post=284983"}],"curies":[{"name":"wp","href":"https:\/\/api.w.org\/{rel}","templated":true}]}}