{"id":285257,"date":"2025-12-31T19:23:10","date_gmt":"2025-12-31T19:23:10","guid":{"rendered":"https:\/\/www.europesays.com\/it\/285257\/"},"modified":"2025-12-31T19:23:10","modified_gmt":"2025-12-31T19:23:10","slug":"brindisi-sotto-i-fiocchi-anche-a-quote-basse-allerta-e-previsioni","status":"publish","type":"post","link":"https:\/\/www.europesays.com\/it\/285257\/","title":{"rendered":"brindisi sotto i fiocchi anche a quote basse? Allerta e previsioni"},"content":{"rendered":"<p>Firenze, 31 dicembre 2025 \u2013\u00a0Nevicher\u00e0 nelle localit\u00e0 montane toscane? Sar\u00e0 un brindisi di Capodanno indimenticabile sotto i fiocchi? Le previsioni indicano che le precipitazioni dovrebbero effettivamente avvenire nella parte orientale della regione <strong>sugli Appennini<\/strong> in corrispondenza del confine con l\u2019<strong>Emilia Romagna<\/strong>. Nevicate che hanno portato addirittura la <strong>Regione Toscana <\/strong>a diffondere <strong><a rel=\"follow nofollow noopener\" href=\"https:\/\/www.lanazione.it\/cronaca\/allerta-meteo-toscana-tkomdixv\" target=\"_blank\">un\u2019allerta gialla<\/a><\/strong> per neve che riguarda diversi comuni. Fenomeni limitati ma che comunque dovrebbero dare una spolverata di bianco tra la mattina e il pomeriggio del 1 gennaio. Ma ecco le previsioni.<\/p>\n<p><strong><a rel=\"follow nofollow noopener\" href=\"https:\/\/www.lanazione.it\/cronaca\/meteo-toscana-eventi-estremi-ka5yhlce-sck\" target=\"_blank\">Nel 2025 in Toscana 41 eventi estremi<\/a><\/strong><\/p>\n","protected":false},"excerpt":{"rendered":"Firenze, 31 dicembre 2025 \u2013\u00a0Nevicher\u00e0 nelle localit\u00e0 montane toscane? Sar\u00e0 un brindisi di Capodanno indimenticabile sotto i fiocchi?&hellip;\n","protected":false},"author":3,"featured_media":285258,"comment_status":"","ping_status":"","sticky":false,"template":"","format":"standard","meta":{"footnotes":"","_share_on_mastodon":"0"},"categories":[79],"tags":[4167,10961,14,93,94,55523,1537,90,89,167885,7,15,5065,17205,11922,11,84,91,12,85,92],"class_list":["post-285257","post","type-post","status-publish","format-standard","has-post-thumbnail","category-italia","tag-allerta","tag-brindisi","tag-cronaca","tag-cronaca-italiana","tag-cronacaitaliana","tag-fiocchi","tag-it","tag-italia","tag-italy","tag-nevichera","tag-news","tag-notizie","tag-previsioni","tag-quote","tag-toscana","tag-ultime-notizie","tag-ultime-notizie-e-news-di-oggi","tag-ultime-notizie-italia","tag-ultimenotizie","tag-ultimenotizieenewsdioggi","tag-ultimenotizieitalia"],"share_on_mastodon":{"url":"https:\/\/pubeurope.com\/@it\/115815815794118572","error":""},"_links":{"self":[{"href":"https:\/\/www.europesays.com\/it\/wp-json\/wp\/v2\/posts\/285257","targetHints":{"allow":["GET"]}}],"collection":[{"href":"https:\/\/www.europesays.com\/it\/wp-json\/wp\/v2\/posts"}],"about":[{"href":"https:\/\/www.europesays.com\/it\/wp-json\/wp\/v2\/types\/post"}],"author":[{"embeddable":true,"href":"https:\/\/www.europesays.com\/it\/wp-json\/wp\/v2\/users\/3"}],"replies":[{"embeddable":true,"href":"https:\/\/www.europesays.com\/it\/wp-json\/wp\/v2\/comments?post=285257"}],"version-history":[{"count":0,"href":"https:\/\/www.europesays.com\/it\/wp-json\/wp\/v2\/posts\/285257\/revisions"}],"wp:featuredmedia":[{"embeddable":true,"href":"https:\/\/www.europesays.com\/it\/wp-json\/wp\/v2\/media\/285258"}],"wp:attachment":[{"href":"https:\/\/www.europesays.com\/it\/wp-json\/wp\/v2\/media?parent=285257"}],"wp:term":[{"taxonomy":"category","embeddable":true,"href":"https:\/\/www.europesays.com\/it\/wp-json\/wp\/v2\/categories?post=285257"},{"taxonomy":"post_tag","embeddable":true,"href":"https:\/\/www.europesays.com\/it\/wp-json\/wp\/v2\/tags?post=285257"}],"curies":[{"name":"wp","href":"https:\/\/api.w.org\/{rel}","templated":true}]}}