{"id":285882,"date":"2026-01-01T06:11:10","date_gmt":"2026-01-01T06:11:10","guid":{"rendered":"https:\/\/www.europesays.com\/it\/285882\/"},"modified":"2026-01-01T06:11:10","modified_gmt":"2026-01-01T06:11:10","slug":"brucia-la-storica-chiesa-di-vondelkerk-ad-amsterdam-crollano-tetto-e-campanile","status":"publish","type":"post","link":"https:\/\/www.europesays.com\/it\/285882\/","title":{"rendered":"Brucia la storica chiesa di Vondelkerk ad Amsterdam, crollano tetto e campanile"},"content":{"rendered":"\n<p>Il campanile della chiesa di Vondelkerk ad Amsterdam, avvolto dalle fiamme, \u00e8 crollato completamente a causa di un incendio, iniziato dopo la mezzanotte. Lo scrivono i media olandesi. <strong>La Vondelkirche di Amsterdam &#8220;non pu\u00f2 pi\u00f9 essere salvata&#8221;, ha annunciato la Regione di Sicurezza di Amsterdam-Amstelland<\/strong>. L&#8217;intero edificio \u00e8 in fiamme. &#8220;L&#8217;intera chiesa potrebbe crollare&#8221;, ha detto un portavoce, riportato dall&#8217;agenzia nederlandese Anp. La chiesa si trova proprio vicino al famoso Vondelpark della capitale olandese.<\/p>\n<p>   <img loading=\"lazy\" decoding=\"async\" class=\"lazyload article-image\" src=\"https:\/\/www.europesays.com\/it\/wp-content\/uploads\/2026\/01\/1767244339673_TZLOPRPRTRMADPBASEIMAGEXNETHERLANDSFIREUGC.JPG\" width=\"768\" height=\"432\" alt=\"La storica chiesa Vondelkerk di Amsterdam \u00e8 stata avvolta dalle fiamme durante i festeggiamenti di Capodanno\"\/>  <\/p>\n<p> La storica chiesa Vondelkerk di Amsterdam \u00e8 stata avvolta dalle fiamme durante i festeggiamenti di Capodanno  (Reuters\/LEON RITZEN) <\/p>\n<p>I vigili del fuoco stanno ancora lavorando per spegnere l&#8217;incendio nell&#8217;edificio, scrive ancora la Anp. La torre campanaria, parte della sommit\u00e0 e parte della sezione centrale della chiesa sono gi\u00e0 crollate. Tutte le case intorno alla chiesa sono state evacuate. Secondo le autorit\u00e0 di sicurezza, il vicino Vondelpark non \u00e8 attualmente in pericolo. Un giornalista della testata NlTimes ha visto i vigili del fuoco suonare i campanelli delle case immediatamente circostanti la chiesa. L&#8217;incendio era gi\u00e0 stato dichiarato di vasta portata all&#8217;una di notte, considerando la diffusione delle fiamme e la densit\u00e0 abitativa del quartiere. \u00a0\u00a0<\/p>\n<p>Scrive ancora il Nl Times che &#8220;parti della sommit\u00e0 della chiesa, risalente a 154 anni fa, si erano gi\u00e0 staccate dopo che l&#8217;incendio era continuato per un&#8217;ora. L&#8217;incendio ha causato una &#8220;enorme pioggia di scintille&#8221; che si \u00e8 scagliata verso est, ha dichiarato un portavoce dei servizi di emergenza della Regione di Amsterdam-Amstelland. &#8220;Si tratta di un incendio molto intenso e terribile in questa chiesa monumentale&#8221;, ha dichiarato il sindaco di Amsterdam Femke Halsema. &#8220;La nostra prima preoccupazione e priorit\u00e0 ora \u00e8 il benessere e le case dei residenti pi\u00f9 prossimi&#8221;. \u00a0<\/p>\n<p>La <strong>Vondelkerk, si legge sul sito del Comune, risale al 1872 e<\/strong> per molti anni \u00e8 stata una chiesa cattolica nota anche come Chiesa del Sacro Cuore di Ges\u00f9. Circa un secolo dopo l&#8217;edificio, gravemente trascurato, fu minacciato di demolizione. Tuttavia fu elaborato un piano per restaurare e riqualificare la chiesa, e nel 1980 fu istituita una fondazione per renderlo possibile. <strong>La chiesa, sempre secondo il sito, era diventata dunque un luogo per eventi <\/strong>e concerti.<\/p>\n","protected":false},"excerpt":{"rendered":"Il campanile della chiesa di Vondelkerk ad Amsterdam, avvolto dalle fiamme, \u00e8 crollato completamente a causa di un&hellip;\n","protected":false},"author":3,"featured_media":285883,"comment_status":"","ping_status":"","sticky":false,"template":"","format":"standard","meta":{"footnotes":""},"categories":[79],"tags":[14,93,94,1537,90,89,7,15,11,84,91,12,85,92],"class_list":{"0":"post-285882","1":"post","2":"type-post","3":"status-publish","4":"format-standard","5":"has-post-thumbnail","7":"category-italia","8":"tag-cronaca","9":"tag-cronaca-italiana","10":"tag-cronacaitaliana","11":"tag-it","12":"tag-italia","13":"tag-italy","14":"tag-news","15":"tag-notizie","16":"tag-ultime-notizie","17":"tag-ultime-notizie-e-news-di-oggi","18":"tag-ultime-notizie-italia","19":"tag-ultimenotizie","20":"tag-ultimenotizieenewsdioggi","21":"tag-ultimenotizieitalia"},"share_on_mastodon":{"url":"https:\/\/pubeurope.com\/@it\/115818364162630651","error":""},"_links":{"self":[{"href":"https:\/\/www.europesays.com\/it\/wp-json\/wp\/v2\/posts\/285882","targetHints":{"allow":["GET"]}}],"collection":[{"href":"https:\/\/www.europesays.com\/it\/wp-json\/wp\/v2\/posts"}],"about":[{"href":"https:\/\/www.europesays.com\/it\/wp-json\/wp\/v2\/types\/post"}],"author":[{"embeddable":true,"href":"https:\/\/www.europesays.com\/it\/wp-json\/wp\/v2\/users\/3"}],"replies":[{"embeddable":true,"href":"https:\/\/www.europesays.com\/it\/wp-json\/wp\/v2\/comments?post=285882"}],"version-history":[{"count":0,"href":"https:\/\/www.europesays.com\/it\/wp-json\/wp\/v2\/posts\/285882\/revisions"}],"wp:featuredmedia":[{"embeddable":true,"href":"https:\/\/www.europesays.com\/it\/wp-json\/wp\/v2\/media\/285883"}],"wp:attachment":[{"href":"https:\/\/www.europesays.com\/it\/wp-json\/wp\/v2\/media?parent=285882"}],"wp:term":[{"taxonomy":"category","embeddable":true,"href":"https:\/\/www.europesays.com\/it\/wp-json\/wp\/v2\/categories?post=285882"},{"taxonomy":"post_tag","embeddable":true,"href":"https:\/\/www.europesays.com\/it\/wp-json\/wp\/v2\/tags?post=285882"}],"curies":[{"name":"wp","href":"https:\/\/api.w.org\/{rel}","templated":true}]}}