{"id":286035,"date":"2026-01-01T09:08:16","date_gmt":"2026-01-01T09:08:16","guid":{"rendered":"https:\/\/www.europesays.com\/it\/286035\/"},"modified":"2026-01-01T09:08:16","modified_gmt":"2026-01-01T09:08:16","slug":"le-wags-piu-chiacchierate-del-2025-laila-e-sinner-eleonora-boi-morsa-da-uno-squalo-campello-ancora-in-crisi-con-morata-2","status":"publish","type":"post","link":"https:\/\/www.europesays.com\/it\/286035\/","title":{"rendered":"Le Wags pi\u00f9 \u00abchiacchierate\u00bb del 2025: Laila e Sinner, Eleonora Boi morsa da uno squalo, Campello ancora in crisi con Morata"},"content":{"rendered":"<p class=\"chapter-paragraph\">Il suo matrimonio con <b>Daniele Rugani,<\/b> difensore di 31 anni della Juventus, <a href=\"https:\/\/bergamo.corriere.it\/notizie\/cultura-e-spettacoli\/25_dicembre_26\/michela-persico-e-la-fine-del-matrimonio-con-rugani-potrei-stare-meglio-briatore-ora-sono-single-8492af25-76ca-4b6a-9888-678a07aeexlk.shtml\" target=\"_blank\" rel=\"nofollow noopener\">\u00e8 naufragato qualche mese fa.<\/a> Solo un anno fa la coppia, insieme dal 2015, si era sposata con una sontuosa cerimonia. I due hanno anche un figlio, Tommaso di cinque anni. Purtroppo, per\u00f2, niente lieto fine tra i due. E anche la loro storia, purtroppo finita, \u00e8 stata tra le pi\u00f9 chiacchierate di questo 2025.<\/p>\n","protected":false},"excerpt":{"rendered":"Il suo matrimonio con Daniele Rugani, difensore di 31 anni della Juventus, \u00e8 naufragato qualche mese fa. Solo&hellip;\n","protected":false},"author":3,"featured_media":285708,"comment_status":"","ping_status":"","sticky":false,"template":"","format":"standard","meta":{"footnotes":"","_share_on_mastodon":"0"},"categories":[1451],"tags":[165820,33,25006,23516,1621,1620,168125,2235,7714,103187,32435,203,7216,368,10453,116197,124381,2716,10010,2734,1302,230,204,1537,90,89,1269,1717,7754,3442,44444,10897,4003,4977,23519,3333,168126,6434,19859,12285,2434,366,1686,13498,23515,1567,5248,409,566,168127,168128],"class_list":["post-286035","post","type-post","status-publish","format-standard","has-post-thumbnail","category-celebrita","tag-affollata","tag-appuntamento","tag-attaccata","tag-boi","tag-celebrita","tag-celebrities","tag-chiacchierate","tag-coppia","tag-crisi","tag-crisi-profonda","tag-diamante","tag-entertainment","tag-fatta","tag-ferrari","tag-fidanzata","tag-fidanzata-jannik","tag-fidanzata-jannik-sinner","tag-figlio","tag-gamba","tag-influencer","tag-inizio","tag-instagram","tag-intrattenimento","tag-it","tag-italia","tag-italy","tag-jannik","tag-jannik-sinner","tag-leclerc","tag-marquez","tag-meraviglioso","tag-modella","tag-momenti","tag-morata","tag-morsa","tag-pilota","tag-pilota-ferrari","tag-profonda","tag-rune","tag-se","tag-si","tag-sinner","tag-social","tag-spiaggia","tag-squalo","tag-storia","tag-tanti","tag-ufficiale","tag-valentino","tag-wags","tag-wags-chiacchierate"],"share_on_mastodon":{"url":"","error":"Validation failed: Text character limit of 500 exceeded"},"_links":{"self":[{"href":"https:\/\/www.europesays.com\/it\/wp-json\/wp\/v2\/posts\/286035","targetHints":{"allow":["GET"]}}],"collection":[{"href":"https:\/\/www.europesays.com\/it\/wp-json\/wp\/v2\/posts"}],"about":[{"href":"https:\/\/www.europesays.com\/it\/wp-json\/wp\/v2\/types\/post"}],"author":[{"embeddable":true,"href":"https:\/\/www.europesays.com\/it\/wp-json\/wp\/v2\/users\/3"}],"replies":[{"embeddable":true,"href":"https:\/\/www.europesays.com\/it\/wp-json\/wp\/v2\/comments?post=286035"}],"version-history":[{"count":0,"href":"https:\/\/www.europesays.com\/it\/wp-json\/wp\/v2\/posts\/286035\/revisions"}],"wp:featuredmedia":[{"embeddable":true,"href":"https:\/\/www.europesays.com\/it\/wp-json\/wp\/v2\/media\/285708"}],"wp:attachment":[{"href":"https:\/\/www.europesays.com\/it\/wp-json\/wp\/v2\/media?parent=286035"}],"wp:term":[{"taxonomy":"category","embeddable":true,"href":"https:\/\/www.europesays.com\/it\/wp-json\/wp\/v2\/categories?post=286035"},{"taxonomy":"post_tag","embeddable":true,"href":"https:\/\/www.europesays.com\/it\/wp-json\/wp\/v2\/tags?post=286035"}],"curies":[{"name":"wp","href":"https:\/\/api.w.org\/{rel}","templated":true}]}}