{"id":286081,"date":"2026-01-01T09:46:11","date_gmt":"2026-01-01T09:46:11","guid":{"rendered":"https:\/\/www.europesays.com\/it\/286081\/"},"modified":"2026-01-01T09:46:11","modified_gmt":"2026-01-01T09:46:11","slug":"incendio-chiesa-vondelkerk-amsterdam-crolla-il-campanile-evacuata-la-zona-il-fatto-quotidiano","status":"publish","type":"post","link":"https:\/\/www.europesays.com\/it\/286081\/","title":{"rendered":"Incendio chiesa Vondelkerk Amsterdam: crolla il campanile, evacuata la zona | Il Fatto Quotidiano"},"content":{"rendered":"<p>                <img width=\"690\" height=\"362\" src=\"https:\/\/www.europesays.com\/it\/wp-content\/uploads\/2026\/01\/Chiesa-Amsterdam-1-690x362.jpg\" class=\"attachment-ifq-big size-ifq-big wp-post-image\" alt=\"Amsterdam, in fiamme la storica chiesa di Vondelkerk: \u201cPioggia di scintille, crollato il campanile\u201d\" decoding=\"async\" fetchpriority=\"high\"\/>            <\/p>\n<p>La chiesa di <strong>Vondelkerk<\/strong> ad Amsterdam, a pochi passi dal Rijksmuseum e dal Museo Van Gogh, \u00e8 stata colpita da un incendio scoppiato poco dopo mezzanotte. La torre campanaria e parte della sezione centrale sono crollate. La struttura \u201cnon pu\u00f2 pi\u00f9 essere salvata\u201d, ha annunciato la Regione di Sicurezza di Amsterdam-Amstelland, ma secondo le autorit\u00e0 le pareti dell\u2019edificio rimangono in piedi e non rischiano ulteriori crolli.<\/p>\n<p>I vigili del fuoco stanno ancora lavorando per spegnere l\u2019incendio, scrive ancora l\u2019agenzia di stampa olandese Anp. Tutte le case intorno alla chiesa sono state evacuate. Secondo le autorit\u00e0, il vicino Vondelpark non sarebbe in pericolo. \u201cSi tratta di un incendio molto intenso\u201d, ha dichiarato il sindaco di Amsterdam <strong>Femke Halsema<\/strong> poco dopo l\u2019inizio dell\u2019incendio. \u201cLa nostra prima preoccupazione e priorit\u00e0 ora \u00e8 il benessere e le case dei residenti pi\u00f9 prossimi\u201d. Un giornalista della testata Nl Times ha visto i vigili del fuoco suonare i campanelli delle case immediatamente circostanti; diverse persone sono poi uscite dalle loro abitazioni. Scrive ancora il Nl Times che \u201cparti della sommit\u00e0 della chiesa, risalente a 154 anni fa, si erano gi\u00e0 staccate dopo che l\u2019incendio era continuato per un\u2019ora. Il rogo ha causato una \u201cenorme <strong>pioggia di scintille<\/strong>\u201d che si \u00e8 diretta verso est, ha dichiarato un portavoce dei servizi di emergenza della regione.<\/p>\n<p>La Vondelkerk, si legge sul sito del Comune, risale al 1872 e per molti anni \u00e8 stata una frequentata chiesa cattolica nota anche come <strong>Chiesa del Sacro Cuore di Ges\u00f9<\/strong>. Circa un secolo dopo l\u2019edificio, gravemente trascurato, fu minacciato di demolizione. Tuttavia fu elaborato un piano per restaurare e riqualificare la chiesa, e nel 1980 fu istituita una fondazione per renderlo possibile. La chiesa, sempre secondo il sito, era diventata dunque un luogo per eventi e concerti.<\/p>\n<ul class=\"ifq-paywall__offers\">\n<li class=\"ifq-paywall__offer ifq-paywall__offer--light\" data-el=\"ifq-paywall-offer-sostenitore\">\n<p>\n\t\t\t\t\t\t\t\t\tNaviga il sito senza limiti di pagine e senza pubblicit\u00e0.\t\t\t\t\t\t\t\t<\/p>\n<p>\t\t\t\t\t\t\t\t<a class=\"ifq-paywall__actions-button\" href=\"https:\/\/shop.ilfattoquotidiano.it\/abbonati-subito\/?group_id=Sostenitore&amp;buy=256541\" target=\"_blank\" rel=\"nofollow noopener\" data-monthly-url=\"https:\/\/shop.ilfattoquotidiano.it\/abbonati-subito\/?group_id=Sostenitore&amp;coupon=promo-paywall&amp;buy=256540\" data-yearly-url=\"https:\/\/shop.ilfattoquotidiano.it\/abbonati-subito\/?group_id=Sostenitore&amp;buy=256541\" data-paywall-product=\"sostenitore\"><br \/>\n\t\t\t\t\t\t\t\t\tABBONATI<br \/>\n\t\t\t\t\t\t\t\t<\/a><\/p>\n<p>\n\t\t\t\t\t\t\t\t\tRinnovo automatico. Disattiva quando vuoi\n\t\t\t\t\t\t\t\t<\/p>\n<ul class=\"ifq-paywall__included-list\">\n<li class=\"ifq-paywall__included-item\">Accedere a tutti gli articoli del sito (eccetto FQ In Edicola)<\/li>\n<li class=\"ifq-paywall__included-item\">Navigare senza pubblicit\u00e0<\/li>\n<li class=\"ifq-paywall__included-item\">Partecipare in diretta alla riunione di redazione ogni gioved\u00ec alle 16.00<\/li>\n<li class=\"ifq-paywall__included-item\">Accedere al Forum con la redazione per discutere di temi di interesse pubblico<\/li>\n<li class=\"ifq-paywall__included-item\">Proporre post per il blog dedicato<\/li>\n<li class=\"ifq-paywall__included-item\">Commentare tutti gli articoli del sito<\/li>\n<li class=\"ifq-paywall__included-item\">Ricevere le newsletter tematiche<\/li>\n<li class=\"ifq-paywall__included-item\">Accedere agli articoli del quotidiano 7 giorni dopo la pubblicazione<\/li>\n<li class=\"ifq-paywall__included-item\">Sconto del 30% sull&#8217;abbonamento annuale a TvLoft e sui libri Paper First<\/li>\n<li class=\"ifq-paywall__included-item\">Sconto del 20% sul nostro shop online<\/li>\n<li class=\"ifq-paywall__included-item\">Tesseramento alla Fondazione il Fatto Quotidiano a \u20ac 5,00 (anzich\u00e9 \u20ac 20,00)<\/li>\n<li class=\"ifq-paywall__included-item\">Card digitale con accesso ai vantaggi esclusivi delle Partnership<\/li>\n<\/ul>\n<\/li>\n<li class=\"ifq-paywall__offer ifq-paywall__offer--dark\" data-el=\"ifq-paywall-offer-partner\">\n<p>\n\t\t\t\t\t\t\t\t\tSfoglia ogni giorno i contenuti di FQ IN EDICOLA sul tuo pc e sulla nuova app.\t\t\t\t\t\t\t\t<\/p>\n<p>\n\t\t\t\t\t\t\t\t\tAnnuale<\/p>\n<p>\t\t\t\t\t\t\t\t\tMensile\n\t\t\t\t\t\t\t\t<\/p>\n<p>\n\t\t\t\t\t\t\t\t\t\t\t\u20ac 139<br \/>\n\t\t\t\t\t\t\t\t\t\t\t,99\n\t\t\t\t\t\t\t\t\t\t<\/p>\n<p>\t\t\t\t\t\t\t\t\t\tper il primo anno<\/p>\n<p>poi \u20ac 189,99 \/ anno<\/p>\n<p>\t\t\t\t\t\t\t\t<a class=\"ifq-paywall__actions-button\" href=\"https:\/\/shop.ilfattoquotidiano.it\/abbonati-subito\/?group_id=Partner&amp;buy=916408\" target=\"_blank\" rel=\"nofollow noopener\" data-monthly-url=\"https:\/\/shop.ilfattoquotidiano.it\/abbonati-subito\/?group_id=Partner&amp;buy=256545\" data-yearly-url=\"https:\/\/shop.ilfattoquotidiano.it\/abbonati-subito\/?group_id=Partner&amp;buy=916408\" data-paywall-product=\"partner\"><br \/>\n\t\t\t\t\t\t\t\t\tABBONATI<br \/>\n\t\t\t\t\t\t\t\t<\/a><\/p>\n<p>\n\t\t\t\t\t\t\t\t\tRinnovo automatico. Disattiva quando vuoi\n\t\t\t\t\t\t\t\t<\/p>\n<ul class=\"ifq-paywall__included-list\">\n<li class=\"ifq-paywall__included-item\">Accedere a tutti gli articoli del quotidiano tramite app e sito<\/li>\n<li class=\"ifq-paywall__included-item\">Accedere all&#8217;archivio completo de il Fatto Quotidiano<\/li>\n<li class=\"ifq-paywall__included-item\">Accedere ad uno sconto dedicato a 4 corsi esclusivi della Scuola del Fatto<\/li>\n<li class=\"ifq-paywall__included-item\">Partecipare in diretta alla riunione di redazione ogni gioved\u00ec alle 16.00<\/li>\n<li class=\"ifq-paywall__included-item\">Commentare tutti gli articoli del sito<\/li>\n<li class=\"ifq-paywall__included-item\">Navigare senza pubblicit\u00e0<\/li>\n<li class=\"ifq-paywall__included-item\">Accedere a tutti i programmi di TvLoft<\/li>\n<li class=\"ifq-paywall__included-item\">Sconto del 20% sul nostro shop online<\/li>\n<li class=\"ifq-paywall__included-item\">Tesseramento alla Fondazione il Fatto Quotidiano a \u20ac 5,00 (anzich\u00e9 \u20ac 20,00)<\/li>\n<li class=\"ifq-paywall__included-item\">Card digitale con accesso ai vantaggi esclusivi delle Partnership<\/li>\n<\/ul>\n<\/li>\n<\/ul>\n","protected":false},"excerpt":{"rendered":"La chiesa di Vondelkerk ad Amsterdam, a pochi passi dal Rijksmuseum e dal Museo Van Gogh, \u00e8 stata&hellip;\n","protected":false},"author":3,"featured_media":286082,"comment_status":"","ping_status":"","sticky":false,"template":"","format":"standard","meta":{"footnotes":""},"categories":[160],"tags":[14,164,165,166,7,15,11,167,12,168,161,162,163],"class_list":{"0":"post-286081","1":"post","2":"type-post","3":"status-publish","4":"format-standard","5":"has-post-thumbnail","7":"category-mondo","8":"tag-cronaca","9":"tag-dal-mondo","10":"tag-dalmondo","11":"tag-mondo","12":"tag-news","13":"tag-notizie","14":"tag-ultime-notizie","15":"tag-ultime-notizie-di-mondo","16":"tag-ultimenotizie","17":"tag-ultimenotiziedimondo","18":"tag-world","19":"tag-world-news","20":"tag-worldnews"},"share_on_mastodon":{"url":"https:\/\/pubeurope.com\/@it\/115819209286562271","error":""},"_links":{"self":[{"href":"https:\/\/www.europesays.com\/it\/wp-json\/wp\/v2\/posts\/286081","targetHints":{"allow":["GET"]}}],"collection":[{"href":"https:\/\/www.europesays.com\/it\/wp-json\/wp\/v2\/posts"}],"about":[{"href":"https:\/\/www.europesays.com\/it\/wp-json\/wp\/v2\/types\/post"}],"author":[{"embeddable":true,"href":"https:\/\/www.europesays.com\/it\/wp-json\/wp\/v2\/users\/3"}],"replies":[{"embeddable":true,"href":"https:\/\/www.europesays.com\/it\/wp-json\/wp\/v2\/comments?post=286081"}],"version-history":[{"count":0,"href":"https:\/\/www.europesays.com\/it\/wp-json\/wp\/v2\/posts\/286081\/revisions"}],"wp:featuredmedia":[{"embeddable":true,"href":"https:\/\/www.europesays.com\/it\/wp-json\/wp\/v2\/media\/286082"}],"wp:attachment":[{"href":"https:\/\/www.europesays.com\/it\/wp-json\/wp\/v2\/media?parent=286081"}],"wp:term":[{"taxonomy":"category","embeddable":true,"href":"https:\/\/www.europesays.com\/it\/wp-json\/wp\/v2\/categories?post=286081"},{"taxonomy":"post_tag","embeddable":true,"href":"https:\/\/www.europesays.com\/it\/wp-json\/wp\/v2\/tags?post=286081"}],"curies":[{"name":"wp","href":"https:\/\/api.w.org\/{rel}","templated":true}]}}