{"id":286378,"date":"2026-01-01T14:33:11","date_gmt":"2026-01-01T14:33:11","guid":{"rendered":"https:\/\/www.europesays.com\/it\/286378\/"},"modified":"2026-01-01T14:33:11","modified_gmt":"2026-01-01T14:33:11","slug":"italia-gli-u21-piu-preziosi-formazione-da-paura-ce-pio-esposito-il-3-4-2-1","status":"publish","type":"post","link":"https:\/\/www.europesays.com\/it\/286378\/","title":{"rendered":"Italia, gli U21 pi\u00f9 preziosi: formazione da paura. C&#8217;\u00e8 Pio Esposito! Il 3-4-2-1"},"content":{"rendered":"<p>Il futuro che avanza a grandi passi, e che gi\u00e0 fa brillare gli occhi a tifosi e addetti ai lavori. Anche in chiave mercato. Se il campionato italiano non regala pi\u00f9 i campioni di qualche anno fa, discorso diverso si potrebbe fare per i giovani, che ci sono e che sembrano promettere piuttosto bene. Tanti talenti in rampa di lancio o addirittura gi\u00e0 affermati in Serie A che hanno attirato l&#8217;attenzione di tanti. Transfermarkt ha stilato la formazione con i migliori Under 21 del nostro campionato. Un 3-4-2-1 estremamente offensivo e ricco di qualit\u00e0, con anche Pio Esposito dell&#8217;Inter in formazione. Ecco la squadra:<\/p>\n<p>(Fonte: Transfermarkt.it)<\/p>\n<p class=\"is-copyright\">\u00a9 RIPRODUZIONE RISERVATA<\/p>\n","protected":false},"excerpt":{"rendered":"Il futuro che avanza a grandi passi, e che gi\u00e0 fa brillare gli occhi a tifosi e addetti&hellip;\n","protected":false},"author":3,"featured_media":286379,"comment_status":"","ping_status":"","sticky":false,"template":"","format":"standard","meta":{"footnotes":"","_share_on_mastodon":"0"},"categories":[1452],"tags":[3473,47746,168464,155798,168460,168461,168465,168466,168467,168468,18120,168469,168470,721,168462,168463,1740,1974,1537,90,89,1412,1739,245,244,5394],"class_list":["post-286378","post","type-post","status-publish","format-standard","has-post-thumbnail","category-calcio","tag-addetti","tag-addetti-lavori","tag-addetti-lavori-chiave","tag-annisquadra","tag-annisquadra-comovalore","tag-annisquadra-comovalore-mercato","tag-annisquadra-fiorentinavalore","tag-annisquadra-fiorentinavalore-mercato","tag-annisquadra-juventusvalore","tag-annisquadra-juventusvalore-mercato","tag-avanza","tag-avanza-grandi","tag-avanza-grandi-passi","tag-calcio","tag-comovalore","tag-comovalore-mercato","tag-football","tag-formazione","tag-it","tag-italia","tag-italy","tag-mercato","tag-soccer","tag-sport","tag-sports","tag-transfermarkt"],"share_on_mastodon":{"url":"","error":"Validation failed: Text character limit of 500 exceeded"},"_links":{"self":[{"href":"https:\/\/www.europesays.com\/it\/wp-json\/wp\/v2\/posts\/286378","targetHints":{"allow":["GET"]}}],"collection":[{"href":"https:\/\/www.europesays.com\/it\/wp-json\/wp\/v2\/posts"}],"about":[{"href":"https:\/\/www.europesays.com\/it\/wp-json\/wp\/v2\/types\/post"}],"author":[{"embeddable":true,"href":"https:\/\/www.europesays.com\/it\/wp-json\/wp\/v2\/users\/3"}],"replies":[{"embeddable":true,"href":"https:\/\/www.europesays.com\/it\/wp-json\/wp\/v2\/comments?post=286378"}],"version-history":[{"count":0,"href":"https:\/\/www.europesays.com\/it\/wp-json\/wp\/v2\/posts\/286378\/revisions"}],"wp:featuredmedia":[{"embeddable":true,"href":"https:\/\/www.europesays.com\/it\/wp-json\/wp\/v2\/media\/286379"}],"wp:attachment":[{"href":"https:\/\/www.europesays.com\/it\/wp-json\/wp\/v2\/media?parent=286378"}],"wp:term":[{"taxonomy":"category","embeddable":true,"href":"https:\/\/www.europesays.com\/it\/wp-json\/wp\/v2\/categories?post=286378"},{"taxonomy":"post_tag","embeddable":true,"href":"https:\/\/www.europesays.com\/it\/wp-json\/wp\/v2\/tags?post=286378"}],"curies":[{"name":"wp","href":"https:\/\/api.w.org\/{rel}","templated":true}]}}