{"id":287184,"date":"2026-01-02T04:41:10","date_gmt":"2026-01-02T04:41:10","guid":{"rendered":"https:\/\/www.europesays.com\/it\/287184\/"},"modified":"2026-01-02T04:41:10","modified_gmt":"2026-01-02T04:41:10","slug":"eldorado-svizzera-nel-2026-si-potra-guadagnare-fino-a-1300-euro-in-piu-ecco-in-quali-settori","status":"publish","type":"post","link":"https:\/\/www.europesays.com\/it\/287184\/","title":{"rendered":"Eldorado Svizzera, nel 2026 si potr\u00e0 guadagnare fino a 1300 euro in pi\u00f9. Ecco in quali settori"},"content":{"rendered":"<p>La <strong>Svizzera<\/strong> si conferma come uno dei Paesi leader a livello globale per quanto riguarda i livelli retributivi, posizionandosi ai vertici non solo della classifica europea, ma di quella mondiale. Attualmente, lo <strong>stipendio medio in Svizzera<\/strong> si attesta attorno ai <strong>95.000 franchi<\/strong>, una cifra che al cambio attuale corrisponde a circa <strong>102.821 euro<\/strong>.<\/p>\n<p>Per i lavoratori italiani, la prossimit\u00e0 geografica con la Confederazione Elvetica rappresenta un\u2019opportunit\u00e0 economica straordinaria, in particolare per i <strong>frontalieri che <\/strong>possono infatti beneficiare di retribuzioni elevate senza la necessit\u00e0 di trasferire la propria residenza.<\/p>\n<p>In alcuni settori specifici, i guadagni medi possono raggiungere i <strong>7.770 euro al mese<\/strong>, una cifra siderale se confrontata con la realt\u00e0 retributiva italiana.<\/p>\n<p>Le prospettive per chi guarda al mercato elvetico sono destinate a migliorare ulteriormente nel prossimo futuro. Secondo i dati emersi da un recente sondaggio condotto dal Centro di ricerca congiunturale (KOF) del <strong>Politecnico di Zurigo<\/strong>, il <strong>2026<\/strong> segner\u00e0 il terzo anno consecutivo di crescita dei salari.<\/p>\n<p>L\u2019indagine ha preso in esame un bacino molto ampio, coinvolgendo oltre <strong>4.500 aziende<\/strong> svizzere, restituendo un quadro estremamente nitido di ci\u00f2 che accadr\u00e0 a partire dal prossimo gennaio. Nonostante l\u2019incertezza legata ai possibili dazi doganali internazionali, le imprese elvetiche continueranno a puntare su retribuzioni competitive:<\/p>\n<ul>\n<li><strong>Crescita nominale prevista:<\/strong> +1,3% in media.<\/li>\n<li><strong>Crescita reale (al netto dell\u2019inflazione):<\/strong> +0,8%.<\/li>\n<li><strong>Aumento medio annuo:<\/strong> circa <strong>1.330 euro<\/strong>, una cifra che in Italia corrisponde quasi a una mensilit\u00e0 supplementare.<\/li>\n<\/ul>\n<p>La crescita non sar\u00e0 per\u00f2 uniforme. La Svizzera premier\u00e0 i settori pi\u00f9 strategici e quelli colpiti da una cronica carenza di personale:<\/p>\n<ol>\n<li><strong>Edilizia (+1,7%):<\/strong> \u00c8 il settore che far\u00e0 da traino all\u2019intera economia. L\u2019aumento significativo \u00e8 dettato dalla forte <strong>mancanza di manodopera<\/strong>, che spinge le aziende a offrire pacchetti retributivi sempre pi\u00f9 aggressivi per attrarre lavoratori, specialmente dall\u2019Italia.<\/li>\n<li><strong>Alberghiero e Ristorazione (+1,5%):<\/strong> Un\u2019ottima notizia per chi non possiede un\u2019esperienza pluriennale. In questo comparto le opportunit\u00e0 sono numerose, a patto di possedere competenze linguistiche adeguate, in particolare la conoscenza obbligatoria di <strong>inglese e tedesco<\/strong>.<\/li>\n<li><strong>Farmaceutico e Finanziario:<\/strong> Entrambi i settori mostrano una crescita solida, confermandosi pilastri della stabilit\u00e0 economica svizzera.<\/li>\n<\/ol>\n<p>Al contrario, la crescita sar\u00e0 pi\u00f9 contenuta (+1%) nel <strong>commercio al dettaglio<\/strong> e all\u2019ingrosso e nell\u2019industria in generale. Situazione critica, invece, per i comparti legati alle <strong>esportazioni<\/strong> e all\u2019<strong>industria meccanica<\/strong>: qui l\u2019ombra dei dazi statunitensi rischia di innescare non solo una stagnazione salariale, ma anche possibili <strong>licenziamenti<\/strong>.<\/p>\n<p>Se le buste paga si fanno pi\u00f9 pesanti, il rovescio della medaglia \u00e8 rappresentato da una maggiore cautela sul fronte delle nuove assunzioni. L\u2019<strong>indicatore dell\u2019occupazione del KOF<\/strong> \u00e8 sceso a <strong>0,3 punti<\/strong> nel terzo trimestre del 2025, toccando il livello pi\u00f9 basso dal 2021.<\/p>\n","protected":false},"excerpt":{"rendered":"La Svizzera si conferma come uno dei Paesi leader a livello globale per quanto riguarda i livelli retributivi,&hellip;\n","protected":false},"author":3,"featured_media":287185,"comment_status":"","ping_status":"","sticky":false,"template":"","format":"standard","meta":{"footnotes":""},"categories":[172],"tags":[178,177,27900,1537,90,89,190,17197,8093],"class_list":{"0":"post-287184","1":"post","2":"type-post","3":"status-publish","4":"format-standard","5":"has-post-thumbnail","7":"category-affari","8":"tag-affari","9":"tag-business","10":"tag-canton-ticino","11":"tag-it","12":"tag-italia","13":"tag-italy","14":"tag-lavoro","15":"tag-stipendi","16":"tag-svizzera"},"share_on_mastodon":{"url":"https:\/\/pubeurope.com\/@it\/115823672304705181","error":""},"_links":{"self":[{"href":"https:\/\/www.europesays.com\/it\/wp-json\/wp\/v2\/posts\/287184","targetHints":{"allow":["GET"]}}],"collection":[{"href":"https:\/\/www.europesays.com\/it\/wp-json\/wp\/v2\/posts"}],"about":[{"href":"https:\/\/www.europesays.com\/it\/wp-json\/wp\/v2\/types\/post"}],"author":[{"embeddable":true,"href":"https:\/\/www.europesays.com\/it\/wp-json\/wp\/v2\/users\/3"}],"replies":[{"embeddable":true,"href":"https:\/\/www.europesays.com\/it\/wp-json\/wp\/v2\/comments?post=287184"}],"version-history":[{"count":0,"href":"https:\/\/www.europesays.com\/it\/wp-json\/wp\/v2\/posts\/287184\/revisions"}],"wp:featuredmedia":[{"embeddable":true,"href":"https:\/\/www.europesays.com\/it\/wp-json\/wp\/v2\/media\/287185"}],"wp:attachment":[{"href":"https:\/\/www.europesays.com\/it\/wp-json\/wp\/v2\/media?parent=287184"}],"wp:term":[{"taxonomy":"category","embeddable":true,"href":"https:\/\/www.europesays.com\/it\/wp-json\/wp\/v2\/categories?post=287184"},{"taxonomy":"post_tag","embeddable":true,"href":"https:\/\/www.europesays.com\/it\/wp-json\/wp\/v2\/tags?post=287184"}],"curies":[{"name":"wp","href":"https:\/\/api.w.org\/{rel}","templated":true}]}}