{"id":287288,"date":"2026-01-02T07:13:11","date_gmt":"2026-01-02T07:13:11","guid":{"rendered":"https:\/\/www.europesays.com\/it\/287288\/"},"modified":"2026-01-02T07:13:11","modified_gmt":"2026-01-02T07:13:11","slug":"gli-auguri-di-gianni-morandi-da-un-posto-particolare","status":"publish","type":"post","link":"https:\/\/www.europesays.com\/it\/287288\/","title":{"rendered":"Gli auguri di Gianni Morandi da &#8220;un posto particolare&#8221;"},"content":{"rendered":"<p>Arrivano direttamente da Instagram anche gli immancabili auguri di buon anno da parte di<strong> Gianni Morandi.<\/strong> Nel video il cantante bolognese ha alle spalle il mare mosso e come colonna sonora che accompagna le immagini ha scelto una<strong> canzone di un amico e artista intramontabile: Lucio Dalla <\/strong>con il suo brano &#8216;L&#8217;anno che verr\u00e0&#8217;. &#8220;Buon 2026\u2026 sicuramente ci rivedremo&#8221;, scrive nel post. E poi nel video rivolto ai fan e non solo: &#8220;Ciao &#8211; dice Gianni Morandi &#8211; , oggi \u00e8 l&#8217;ultimo dell&#8217;anno.<strong> Questo \u00e8 un posto particolare.<\/strong> Io per\u00f2 voglio farvi gli auguri proprio da qui. \u00c8 una maniera un po&#8217; diversa da quella degli anni scorsi, per\u00f2 ecco, spero che l&#8217;anno prossimo sia bellissimo per tutti voi. Che possiate realizzare i vostri sogni e soprattutto che siate pieni di salute e di felicit\u00e0. Auguri!&#8221;<\/p>\n","protected":false},"excerpt":{"rendered":"Arrivano direttamente da Instagram anche gli immancabili auguri di buon anno da parte di Gianni Morandi. Nel video&hellip;\n","protected":false},"author":3,"featured_media":287289,"comment_status":"","ping_status":"","sticky":false,"template":"","format":"standard","meta":{"footnotes":"","_share_on_mastodon":"0"},"categories":[1451],"tags":[10961,82649,1621,1620,203,4845,204,1537,90,89,2526,2644,86],"class_list":["post-287288","post","type-post","status-publish","format-standard","has-post-thumbnail","category-celebrita","tag-brindisi","tag-capodanno","tag-celebrita","tag-celebrities","tag-entertainment","tag-feste","tag-intrattenimento","tag-it","tag-italia","tag-italy","tag-sogno","tag-vacanze","tag-vip"],"share_on_mastodon":{"url":"https:\/\/pubeurope.com\/@it\/115824269999803402","error":""},"_links":{"self":[{"href":"https:\/\/www.europesays.com\/it\/wp-json\/wp\/v2\/posts\/287288","targetHints":{"allow":["GET"]}}],"collection":[{"href":"https:\/\/www.europesays.com\/it\/wp-json\/wp\/v2\/posts"}],"about":[{"href":"https:\/\/www.europesays.com\/it\/wp-json\/wp\/v2\/types\/post"}],"author":[{"embeddable":true,"href":"https:\/\/www.europesays.com\/it\/wp-json\/wp\/v2\/users\/3"}],"replies":[{"embeddable":true,"href":"https:\/\/www.europesays.com\/it\/wp-json\/wp\/v2\/comments?post=287288"}],"version-history":[{"count":0,"href":"https:\/\/www.europesays.com\/it\/wp-json\/wp\/v2\/posts\/287288\/revisions"}],"wp:featuredmedia":[{"embeddable":true,"href":"https:\/\/www.europesays.com\/it\/wp-json\/wp\/v2\/media\/287289"}],"wp:attachment":[{"href":"https:\/\/www.europesays.com\/it\/wp-json\/wp\/v2\/media?parent=287288"}],"wp:term":[{"taxonomy":"category","embeddable":true,"href":"https:\/\/www.europesays.com\/it\/wp-json\/wp\/v2\/categories?post=287288"},{"taxonomy":"post_tag","embeddable":true,"href":"https:\/\/www.europesays.com\/it\/wp-json\/wp\/v2\/tags?post=287288"}],"curies":[{"name":"wp","href":"https:\/\/api.w.org\/{rel}","templated":true}]}}