{"id":287691,"date":"2026-01-02T12:50:11","date_gmt":"2026-01-02T12:50:11","guid":{"rendered":"https:\/\/www.europesays.com\/it\/287691\/"},"modified":"2026-01-02T12:50:11","modified_gmt":"2026-01-02T12:50:11","slug":"le-tragedie-come-quella-di-crans-montana-dal-rogo-della-discoteca-in-macedonia-a-quello-del-cinema-statuto-di-torino","status":"publish","type":"post","link":"https:\/\/www.europesays.com\/it\/287691\/","title":{"rendered":"Le tragedie come quella di Crans-Montana, dal rogo della discoteca in Macedonia a quello del cinema Statuto di Torino"},"content":{"rendered":"<p>    di<br \/>\n    Alessandro Fulloni<\/p>\n<p class=\"summary-art is-line-h-12\">Il rogo della discoteca Pulse in Macedonia nel marzo scorso fece 60 morti: misure di sicurezza assenti e licenze false. I casi italiani degli anni 80 portarono al cambio delle norme per i locali pubblici<\/p>\n<p class=\"chapter-paragraph\">Tragedie simili a quelle di <a href=\"https:\/\/milano.corriere.it\/notizie\/cronaca\/26_gennaio_02\/crans-montana-cronaca-flashover-b92cbd14-7561-43e4-8eb8-c55009cb1xlk.shtml\" rel=\"nofollow noopener\" target=\"_blank\">Crans-Montana<\/a>? In tutto il mondo tante, troppe. La pi\u00f9 recente \u00e8 quella di <b><a href=\"https:\/\/www.corriere.it\/cronache\/25_marzo_16\/incendio-in-una-discoteca-in-macedonia-rogo-al-concerto-59-morti-choc-e-arresti-813f5b79-03f7-4fbe-9555-b390bb847xlk.shtml\" rel=\"nofollow noopener\" target=\"_blank\">Kocani, Macedonia del Nord<\/a><\/b>, lo scorso 16 marzo: <b>va in fiamme la discoteca Pulse<\/b>. Nella calca, muoiono circa 60 persone, tanti i minori. Si scoprir\u00e0 poi che se <b>non c\u2019erano misure di sicurezza<\/b> \u00e8 perch\u00e9 furono pagate <b>mazzette a volont\u00e0<\/b>. Stesse scene di terrore a <b>Kemerovo<\/b>, in Russia, dove il centro commerciale Zimnjaja Vi\u0161nja and\u00f2 a fuoco il 25 marzo 2018. Sessanta le vittime, tra cui dei bimbi che guardavano un film. Le indagini chiarirono che <b>il sistema d\u2019allarme si era guastato<\/b> una settimana prima della strage.\u00a0<\/p>\n<p class=\"chapter-paragraph\">E ancora, il 29 ottobre 2022: <b>158 morti a Seul<\/b> (Corea del Sud) nella calca senza controllo durante i festeggiamenti per Halloween. Altra strage (con 60 vittime) alla <b>discoteca Colectiv di Bucarest<\/b>, il 30 ottobre 2015. E altri 100 deceduti il <b>20 febbraio 2003 nel Rhode Island<\/b> (Usa) quando esplosero dei fuochi d\u2019artificio in un nightclub.\u00a0    &#13;<br \/>\n&#13;<br \/>\n&#13;<br \/>\n&#13;<br \/>\n&#13;<br \/>\n&#13;<br \/>\n&#13;<br \/>\n&#13;<br \/>\n&#13;<br \/>\n&#13;<br \/>\n&#13;<br \/>\n&#13;<br \/>\n&#13;<br \/>\n&#13;<br \/>\n&#13;<br \/>\n&#13;<br \/>\n&#13;<br \/>\n&#13;<br \/>\n&#13;<br \/>\n&#13;<br \/>\n&#13;<br \/>\n&#13;<br \/>\n&#13;<br \/>\n&#13;<br \/>\n&#13;<br \/>\n&#13;<br \/>\n&#13;<br \/>\n&#13;<br \/>\n&#13;<br \/>\n&#13;<br \/>\n&#13;<br \/>\n&#13;<br \/>\n&#13;<br \/>\n&#13;<br \/>\n&#13;<br \/>\n&#13;<br \/>\n&#13;<br \/>\n&#13;<br \/>\n&#13;<br \/>\n&#13;<br \/>\n&#13;<br \/>\n&#13;<br \/>\n&#13;<br \/>\n&#13;<br \/>\n&#13;<br \/>\n&#13;<br \/>\n&#13;<br \/>\n&#13;<br \/>\n&#13;<br \/>\n&#13;<br \/>\n&#13;<br \/>\n&#13;<br \/>\n&#13;\n<\/p>\n<p class=\"chapter-paragraph\">Quanto all\u2019Italia, la tragedia spartiacque \u2014 da cui poi nacque la normativa sulla sicurezza \u2014 risale al 13 febbraio 1983. Quella domenica un incendio divamp\u00f2 al <b>cinema Statuto di Torino<\/b> ( foto sopra ). Morirono 64 persone. L\u2019opinione pubblica ne fu choccata, anche perch\u00e9 <b>l\u2019anno prima, a Todi<\/b>, c\u2019era stata una sciagura simile quando, durante una mostra, per cause mai chiarite and\u00f2 a fuoco il palazzo del Vignola. Le vittime furono 35. Pertini presenzi\u00f2 a entrambi i funerali. Venne messo sotto accusa l\u2019intero sistema normativo, allora inesistente: con la nuova disciplina, si rifecero cinema, teatri, locali pubblici.\u00a0<\/p>\n<p class=\"chapter-paragraph\">Ma poi l\u2019Italia rest\u00f2 di nuovo sgomenta quando nella notte del 7 gennaio 2018 alla discoteca <b>\u00abLanterna azzurra\u00bb di Corinaldo<\/b> (Ancona) morirono sei persone, travolte dalla calca: nel locale c\u2019erano 1.500 persone a fronte di una capienza di circa 500.<\/p>\n<p class=\"is-last-update\" datetime=\"2026-01-02T11:50:02+01:00\">2 gennaio 2026<\/p>\n<p class=\"is-copyright\">\n            \u00a9 RIPRODUZIONE RISERVATA\n        <\/p>\n","protected":false},"excerpt":{"rendered":"di Alessandro Fulloni Il rogo della discoteca Pulse in Macedonia nel marzo scorso fece 60 morti: misure di&hellip;\n","protected":false},"author":3,"featured_media":287692,"comment_status":"","ping_status":"","sticky":false,"template":"","format":"standard","meta":{"footnotes":""},"categories":[6],"tags":[11180,169359,169358,640,169360,169361,110178,44739,14,40536,169362,1595,783,8,1537,90,89,12552,169363,69908,8682,2505,55219,110181,31781,7,15,82,9,83,10,863,13,11,80,84,12,81,85,838],"class_list":{"0":"post-287691","1":"post","2":"type-post","3":"status-publish","4":"format-standard","5":"has-post-thumbnail","7":"category-ultime-notizie","8":"tag-ando","9":"tag-ando-fuoco","10":"tag-calca","11":"tag-cinema","12":"tag-cinema-statuto","13":"tag-cinema-statuto-torino","14":"tag-crans","15":"tag-crans-montana","16":"tag-cronaca","17":"tag-discoteca","18":"tag-discoteca-pulse","19":"tag-febbraio","20":"tag-fuoco","21":"tag-headlines","22":"tag-it","23":"tag-italia","24":"tag-italy","25":"tag-locali","26":"tag-locali-pubblici","27":"tag-macedonia","28":"tag-marzo","29":"tag-misure","30":"tag-misure-sicurezza","31":"tag-montana","32":"tag-morirono","33":"tag-news","34":"tag-notizie","35":"tag-notizie-di-cronaca","36":"tag-notizie-principali","37":"tag-notiziedicronaca","38":"tag-notizieprincipali","39":"tag-sicurezza","40":"tag-titoli","41":"tag-ultime-notizie","42":"tag-ultime-notizie-di-cronaca","43":"tag-ultime-notizie-e-news-di-oggi","44":"tag-ultimenotizie","45":"tag-ultimenotiziedicronaca","46":"tag-ultimenotizieenewsdioggi","47":"tag-vittime"},"share_on_mastodon":{"url":"","error":"Validation failed: Text character limit of 500 exceeded"},"_links":{"self":[{"href":"https:\/\/www.europesays.com\/it\/wp-json\/wp\/v2\/posts\/287691","targetHints":{"allow":["GET"]}}],"collection":[{"href":"https:\/\/www.europesays.com\/it\/wp-json\/wp\/v2\/posts"}],"about":[{"href":"https:\/\/www.europesays.com\/it\/wp-json\/wp\/v2\/types\/post"}],"author":[{"embeddable":true,"href":"https:\/\/www.europesays.com\/it\/wp-json\/wp\/v2\/users\/3"}],"replies":[{"embeddable":true,"href":"https:\/\/www.europesays.com\/it\/wp-json\/wp\/v2\/comments?post=287691"}],"version-history":[{"count":0,"href":"https:\/\/www.europesays.com\/it\/wp-json\/wp\/v2\/posts\/287691\/revisions"}],"wp:featuredmedia":[{"embeddable":true,"href":"https:\/\/www.europesays.com\/it\/wp-json\/wp\/v2\/media\/287692"}],"wp:attachment":[{"href":"https:\/\/www.europesays.com\/it\/wp-json\/wp\/v2\/media?parent=287691"}],"wp:term":[{"taxonomy":"category","embeddable":true,"href":"https:\/\/www.europesays.com\/it\/wp-json\/wp\/v2\/categories?post=287691"},{"taxonomy":"post_tag","embeddable":true,"href":"https:\/\/www.europesays.com\/it\/wp-json\/wp\/v2\/tags?post=287691"}],"curies":[{"name":"wp","href":"https:\/\/api.w.org\/{rel}","templated":true}]}}