{"id":287999,"date":"2026-01-02T17:13:11","date_gmt":"2026-01-02T17:13:11","guid":{"rendered":"https:\/\/www.europesays.com\/it\/287999\/"},"modified":"2026-01-02T17:13:11","modified_gmt":"2026-01-02T17:13:11","slug":"solomon-assessore-contesta-lacquisto-israeliano-della-fiorentina","status":"publish","type":"post","link":"https:\/\/www.europesays.com\/it\/287999\/","title":{"rendered":"Solomon, assessore contesta l\u2019acquisto israeliano della Fiorentina"},"content":{"rendered":"<p>Sesto Fiorentino, 2 gennaio 2025 \u2013\u00a0\u201cNon sei benvenuto a Firenze\u201d. L\u2019arrivo del rinforzo per l\u2019attacco della <strong><a rel=\"nofollow noopener\" target=\"_blank\" href=\"https:\/\/www.acffiorentina.com\/\">Fiorentina<\/a><\/strong>, <a rel=\"follow nofollow noopener\" href=\"https:\/\/www.lanazione.it\/firenze\/sport\/fiorentina\/fiorentina-solomon-008d4935\" target=\"_blank\"><strong>Manor Solomon<\/strong><\/a>, isrealiano, \u00e8 accompagnato da una serie di polemiche. Che riguardano proprio le origini del calciatore. La polemica \u00e8 dell\u2019assessore di Sesto Fiorentino Jacopo Madau, che si occupa di politiche giovanili, cultura e lavoro.\u00a0<\/p>\n<p> <img alt=\"THRSGSR\" loading=\"lazy\" width=\"4000\" height=\"2666\" decoding=\"async\" data-nimg=\"1\" style=\"color:transparent;max-width:100%;height:auto\"   src=\"https:\/\/www.europesays.com\/it\/wp-content\/uploads\/2026\/01\/thrsgsr.webp.webp\"\/><\/p>\n<p>L&#8217;assessore di Sesto Fiorentino Jacopo Madau, che ha le deleghe al lavoro, alle politiche giovanili e alla cultura<\/p>\n<p>Le parole dell\u2019assessore <\/p>\n<p>\u201c\u00c8 stato appena ufficializzato l&#8217;arrivo del calciatore israeliano Solomon alla Fiorentina \u2013\u00a0si legge sul profilo Facebook di Madau \u2013\u00a0Ultimi o non ultimi, chi non ha mai nascosto il proprio sostegno alle politiche genocidarie di <strong>Netanyahu<\/strong> non \u00e8 il benvenuto a Firenze e pu\u00f2 rappresentare la nostra citt\u00e0 e la Fiorentina\u201d. Parole nette, che scatenano a loro volta polemiche tra chi solidarizza con l\u2019assessore e chi invece disapprova il tono.\u00a0<\/p>\n<p>Approfondisci:<\/p>\n<p><a href=\"https:\/\/www.lanazione.it\/pisa\/cronaca\/aeroporto-pisa-yzxcx5vj\" class=\"ArticleEmbed_article__embed__content__Jzqnz\" rel=\"nofollow noopener\" target=\"_blank\">Presa per i capelli hostess di terra prima del volo Ryanair. Turisti volevano salire senza documenti<img alt=\"Presa per i capelli hostess di terra prima del volo Ryanair. Turisti volevano salire senza documenti\" loading=\"lazy\" width=\"140\" height=\"78\" decoding=\"async\" data-nimg=\"1\" style=\"color:transparent\"  src=\"https:\/\/www.europesays.com\/it\/wp-content\/uploads\/2026\/01\/aeroporto-di-pisa-galileo-galilei-turisti-e-viaggiatori-falso-allarme-evacuazione.webp.webp\"\/><\/a><img alt=\"Soccer: World Cup Qualifiers; Italy vs Israel\" loading=\"lazy\" width=\"3072\" height=\"2047\" decoding=\"async\" data-nimg=\"1\" style=\"color:transparent;max-width:100%;height:auto\"   src=\"https:\/\/www.europesays.com\/it\/wp-content\/uploads\/2026\/01\/soccer-world-cup-qualifiers-italy-vs-israel.webp.webp\"\/><\/p>\n<p>Solomon con la maglia di Israele nella sfida a Udine contro l&#8217;Italia<\/p>\n<p>Dibattito rovente sui social <\/p>\n<p>Gi\u00e0 nei giorni scorsi, alla notizia del possibile arrivo di <strong>Solomon<\/strong>, i social si erano scatenati. Non tutti appunto vedono di buon occhio il calciatore. Che nei mesi scorsi, con la maglia del Villareal, aveva gi\u00e0 ricevuto una serie di fischi e insulti dai tifosi delle altre squadre della Liga, la massima serie spagnola, quando <strong>era sceso in campo<\/strong>. Era accaduto in particolare a settembre a Siviglia, uno dei campi pi\u00f9 caldi del calcio spagnolo. Lui aveva incassato senza reagire, segnando tra l\u2019altro il gol della vittoria.<\/p>\n<p>Approfondisci:<\/p>\n<p><a href=\"https:\/\/www.lanazione.it\/firenze\/cronaca\/rissa-capodanno-firenze-ykrg3765\" class=\"ArticleEmbed_article__embed__content__Jzqnz\" rel=\"nofollow noopener\" target=\"_blank\">Notte di Capodanno a Firenze, maxi rissa a due passi dal Duomo. La battaglia di sedie e tavolini ripresa in un video<img alt=\"Notte di Capodanno a Firenze, maxi rissa a due passi dal Duomo. La battaglia di sedie e tavolini ripresa in un video\" loading=\"lazy\" width=\"140\" height=\"78\" decoding=\"async\" data-nimg=\"1\" style=\"color:transparent\"  src=\"https:\/\/www.europesays.com\/it\/wp-content\/uploads\/2026\/01\/alcuni-frame-del-video-della-rissa-partita-a-capodanno.webp.webp\"\/><\/a><br \/>\nLe ulteriori dichiarazioni dell\u2019assessore <\/p>\n<p>L\u2019assessore di Sesto Fiorentino Madau torna poi <strong>sulle sue dichiarazioni<\/strong>, con nuove frasi scritte nei commenti al suo stesso post. Molti gli obiettano il fatto che la <strong>Fiorentina <\/strong>ha urgente bisogno di salvarsi e che questo rinforzo \u00e8 importante da un punto di vista sportivo. \u201cUn dato \u2013\u00a0dice \u2013\u00a0per coloro che difendono a spada tratta la scelta dando unica priorit\u00e0 al lato sportivo: nel 25\/26 ha giocato 146 minuti <strong>su oltre 2000 minuti disponibili<\/strong>\u201d. E ancora: \u201cIn Spagna lo fischiavano in ogni stadio.. mi sembra l&#8217;ennesimo elemento destabilizzante e insensato. A\u00a0me \u00e8 sempre garbato invece, lo sport deve essere veicolo di etica e determinati valori, chi rappresenta la squadra che tifo da quando sono nato non pu\u00f2 sostenere un genocidio\u201d.<\/p>\n<p>Solomon e le parole prima di Italia-Israele <\/p>\n<p>Il calciatore aveva parlato in conferenza stampa anche come atleta della Nazionale italiana in quella contestata partita tra Israele e Italia che si svolse a Udine in autunno, proprio a poche ore dalla liberazione degli ostaggi israeliani tenuti prigionieri <strong>da Hamas<\/strong>.\u00a0&#8220;Quello di oggi &#8211; aveva raccontato<strong> Solomon <\/strong>riferendosi alla liberazione degli ostaggi\u00a0&#8211; \u00e8 uno dei giorni pi\u00f9 felici della nostra vita. Siamo felici, emozionati e speriamo che\u00a0molti potranno vedere la partita perch\u00e9 sono tifosi di calcio&#8221;. Manor Solomon, 26 anni, ha vestito tra le altre le maglie di Fulham, Tottenham, Leeds e Villareal con alterne fortune. Adesso punta a contribuire a risollevare una Fiorentina che vive l\u2019annata forse pi\u00f9 brutta della sua storia recente, all\u2019ultimo posto in classifica e con il rischio retrocessione.\u00a0<\/p>\n<p>Chi \u00e8 Solomon <\/p>\n<p>Esterno offensivo, Solomon ha mosso i primi passi nel calcio in Israele, dove \u00e8 nato. Ha giocato nel Maccabi\u00a0Petah Tikva per poi lasciare casa e affermarsi <strong>nei campionati esteri<\/strong>. Fino a prima della guerra in Ucraina era stato una delle pedine pi\u00f9 importanti dello\u00a0<strong>Shakhtar Donetsk<\/strong>, che in pratica lo ha lanciato. Poi l&#8217;approdo in Premier League, prima al <strong>Fulham<\/strong> e quindi al <strong>Tottenham<\/strong>. Con gli Spurs il periodo pi\u00f9 complicato, a causa di diversi problemi fisici. Si \u00e8 ritrovato nella seconda serie inglese lo scorso anno, con una decina di gol nel <strong>Leeds <\/strong>poi promosso in Premier. Quest\u2019anno \u00e8 andato in prestito al Villareal, in Spagna, prima di approdare in viola.\u00a0<\/p>\n","protected":false},"excerpt":{"rendered":"Sesto Fiorentino, 2 gennaio 2025 \u2013\u00a0\u201cNon sei benvenuto a Firenze\u201d. L\u2019arrivo del rinforzo per l\u2019attacco della Fiorentina, Manor&hellip;\n","protected":false},"author":3,"featured_media":288000,"comment_status":"","ping_status":"","sticky":false,"template":"","format":"standard","meta":{"footnotes":""},"categories":[176],"tags":[2842,311,7197,140762,2263,2266,760,1537,90,89,168120,245,244],"class_list":{"0":"post-287999","1":"post","2":"type-post","3":"status-publish","4":"format-standard","5":"has-post-thumbnail","7":"category-sport","8":"tag-acquisto","9":"tag-assessore","10":"tag-benvenuto","11":"tag-contesta","12":"tag-fiorentina","13":"tag-firenze","14":"tag-israeliano","15":"tag-it","16":"tag-italia","17":"tag-italy","18":"tag-solomon","19":"tag-sport","20":"tag-sports"},"share_on_mastodon":{"url":"https:\/\/pubeurope.com\/@it\/115826629305578021","error":""},"_links":{"self":[{"href":"https:\/\/www.europesays.com\/it\/wp-json\/wp\/v2\/posts\/287999","targetHints":{"allow":["GET"]}}],"collection":[{"href":"https:\/\/www.europesays.com\/it\/wp-json\/wp\/v2\/posts"}],"about":[{"href":"https:\/\/www.europesays.com\/it\/wp-json\/wp\/v2\/types\/post"}],"author":[{"embeddable":true,"href":"https:\/\/www.europesays.com\/it\/wp-json\/wp\/v2\/users\/3"}],"replies":[{"embeddable":true,"href":"https:\/\/www.europesays.com\/it\/wp-json\/wp\/v2\/comments?post=287999"}],"version-history":[{"count":0,"href":"https:\/\/www.europesays.com\/it\/wp-json\/wp\/v2\/posts\/287999\/revisions"}],"wp:featuredmedia":[{"embeddable":true,"href":"https:\/\/www.europesays.com\/it\/wp-json\/wp\/v2\/media\/288000"}],"wp:attachment":[{"href":"https:\/\/www.europesays.com\/it\/wp-json\/wp\/v2\/media?parent=287999"}],"wp:term":[{"taxonomy":"category","embeddable":true,"href":"https:\/\/www.europesays.com\/it\/wp-json\/wp\/v2\/categories?post=287999"},{"taxonomy":"post_tag","embeddable":true,"href":"https:\/\/www.europesays.com\/it\/wp-json\/wp\/v2\/tags?post=287999"}],"curies":[{"name":"wp","href":"https:\/\/api.w.org\/{rel}","templated":true}]}}