{"id":288149,"date":"2026-01-02T19:14:15","date_gmt":"2026-01-02T19:14:15","guid":{"rendered":"https:\/\/www.europesays.com\/it\/288149\/"},"modified":"2026-01-02T19:14:15","modified_gmt":"2026-01-02T19:14:15","slug":"conegliano-novara-il-clou-della-18ma-giornata","status":"publish","type":"post","link":"https:\/\/www.europesays.com\/it\/288149\/","title":{"rendered":"Conegliano-Novara il clou della 18ma giornata"},"content":{"rendered":"<p data-start=\"339\" data-end=\"862\">La <strong data-start=\"342\" data-end=\"380\">18\u00aa giornata della Serie A1 Tigot\u00e0<\/strong> apre il nuovo anno con un turno carico di contenuti tecnici ed emotivi, arrivando a ridosso dei <strong data-start=\"477\" data-end=\"513\">quarti di finale di Coppa Italia<\/strong> disputati in settimana e con una classifica che inizia a delineare in modo sempre pi\u00f9 chiaro le gerarchie del campionato. Il weekend del <strong data-start=\"651\" data-end=\"668\">3 e 4 gennaio<\/strong> rappresenta uno snodo importante non solo per la corsa ai playoff, ma anche per valutare la tenuta fisica e mentale delle squadre reduci da impegni ravvicinati e partite ad altissima intensit\u00e0.<\/p>\n<p data-start=\"911\" data-end=\"1486\">Si parte sabato alle 18 con <strong data-start=\"939\" data-end=\"994\">Cbf Balducci HR Macerata \u2013 Numia Vero Volley Milano<\/strong>, sfida che arriva pochi giorni dopo due partite dispendiose per entrambe. Macerata \u00e8 reduce dal successo esterno a Perugia al tie-break, trascinata da <strong data-start=\"1146\" data-end=\"1169\">Kokkonen e Piomboni<\/strong>, mentre Milano arriva dalla sconfitta interna con Novara in Coppa Italia, dopo aver per\u00f2 battuto Conegliano in campionato con una prestazione di forza guidata da una <strong data-start=\"1336\" data-end=\"1367\">Egonu devastante (32 punti)<\/strong>. La gestione delle rotazioni sar\u00e0 decisiva, soprattutto per Milano, ancora pienamente in corsa per le prime posizioni.<\/p>\n<p data-start=\"1541\" data-end=\"1954\">In serata, <strong data-start=\"1552\" data-end=\"1614\">Bartoccini-Mc Restauri Perugia \u2013 Honda Cuneo Granda Volley<\/strong> mette in palio punti fondamentali in ottica bassa classifica. Perugia arriva da una sconfitta amara contro Macerata e cerca continuit\u00e0 dopo settimane difficili, mentre Cuneo ha mostrato segnali incoraggianti battendo Pinerolo con una prova solida di <strong data-start=\"1865\" data-end=\"1882\">Diop e Pucelj<\/strong>. \u00c8 uno scontro diretto che pu\u00f2 indirizzare la seconda met\u00e0 di stagione.<\/p>\n<p data-start=\"2022\" data-end=\"2391\">Domenica alle 16 <strong data-start=\"2039\" data-end=\"2083\">Megabox Vallefoglia \u2013 UYBA Busto Arsizio<\/strong> mette di fronte due squadre in crescita. Vallefoglia \u00e8 reduce da una settimana eccellente, con il netto 3-0 su San Giovanni e il prestigioso successo su Scandicci in Coppa Italia, trascinata da una <strong data-start=\"2282\" data-end=\"2302\">Bici da 31 punti<\/strong>. UYBA, invece, deve ritrovare fiducia dopo le sconfitte con Chieri e Vallefoglia stessa.\u00a0Alla stessa ora, <strong data-start=\"2410\" data-end=\"2460\">Wash4green Monviso Volley \u2013 Il Bisonte Firenze<\/strong> \u00e8 una gara che vale molto in chiave classifica. Monviso alterna buone prestazioni a cali improvvisi, mentre Firenze resta in difficolt\u00e0, come dimostrato dal pesante 0-3 subito da Scandicci.<\/p>\n<p data-start=\"2697\" data-end=\"3086\">Alle 17, <strong data-start=\"2706\" data-end=\"2749\">Bergamo \u2013 Reale Mutua Fenera Chieri \u201976<\/strong> propone un confronto tra due squadre che vivono momenti diversi. Bergamo ha lottato fino al tie-break a Novara, ma arriva anche dalla sconfitta in Coppa Italia con Conegliano. Chieri, invece, \u00e8 in fiducia dopo il successo su Busto Arsizio e la qualificazione sofferta in Coppa, con <strong data-start=\"3032\" data-end=\"3052\">Nervini e Nemeth<\/strong> sempre pi\u00f9 centrali nel progetto.<\/p>\n<p data-start=\"3142\" data-end=\"3502\">Sempre alle 17, <strong data-start=\"3158\" data-end=\"3223\">Savino Del Bene Scandicci \u2013 Omag-Mt San Giovanni in Marignano<\/strong> sembra sulla carta sbilanciata, ma Scandicci dovr\u00e0 fare attenzione dopo le fatiche di Coppa Italia contro Vallefoglia. La squadra di Gaspari resta seconda in classifica e punta a consolidare la posizione, mentre San Giovanni cerca segnali di reazione dopo un periodo complicato.<\/p>\n<p data-start=\"3553\" data-end=\"4039\">Il turno si chiude alle 18 con <strong data-start=\"3584\" data-end=\"3653\">Prosecco Doc A. Carraro Imoco Conegliano \u2013 Igor Gorgonzola Novara<\/strong>, vera e propria <strong data-start=\"3670\" data-end=\"3690\">sfida di vertice<\/strong>. Conegliano resta leader indiscussa del campionato nonostante la sconfitta con Milano e ha mostrato solidit\u00e0 anche in Coppa Italia contro Bergamo, grazie a una <strong data-start=\"3851\" data-end=\"3869\">Haak dominante<\/strong>. Novara arriva invece galvanizzata dal doppio successo su Bergamo in campionato e su Milano in Coppa, con una <strong data-start=\"3980\" data-end=\"4008\">Tolok in stato di grazia<\/strong> e una Herbots sempre decisiva.<\/p>\n","protected":false},"excerpt":{"rendered":"La 18\u00aa giornata della Serie A1 Tigot\u00e0 apre il nuovo anno con un turno carico di contenuti tecnici&hellip;\n","protected":false},"author":3,"featured_media":288150,"comment_status":"","ping_status":"","sticky":false,"template":"","format":"standard","meta":{"footnotes":"","_share_on_mastodon":"0"},"categories":[1474],"tags":[99031,98862,98863,98864,98865,13299,71719,13300,6678,98866,98867,98868,98869,98870,13302,98871,98872,13305,98873,98874,98875,13307,98876,98877,98878,98879,56195,98880,1537,90,89,98881,98882,98883,98884,98885,98886,25395,98887,98888,65420,98889,13311,98890,98891,98892,8056,98893,13313,98894,245,244,13314,98895,98896,98897,98898,98899,98900,98901,1869],"class_list":["post-288149","post","type-post","status-publish","format-standard","has-post-thumbnail","category-volley","tag-a1-volley-femminile-2025-2026","tag-adelina-ungureanu","tag-adhuoljok-malual","tag-ailama-cese","tag-alessia-gennari","tag-alice-degradi","tag-anett-nemeth","tag-anna-danesi","tag-avery-skinner","tag-beatrice-gardini","tag-bintu-diop","tag-bozana-butigan","tag-brenda-castillo","tag-britt-herbots","tag-carlotta-cambi","tag-caterina-bosetti","tag-cristina-chirichella","tag-ekaterina-antropova","tag-elena-pietrini","tag-elles-dambrink","tag-gabriela-guimaraes","tag-gaia-giovannini","tag-hanna-davyskiba","tag-hena-kurtagic","tag-imma-sirressi","tag-indy-baijens","tag-isabelle-haak","tag-isidora-kockarevic","tag-it","tag-italia","tag-italy","tag-jenny-mosser","tag-joanna-wolosz","tag-josephine-obossa","tag-kashauna-williams","tag-kendall-kipp","tag-lindsey-ruddins","tag-loveth-omoruyi","tag-maja-ognjenovic","tag-marina-lubian","tag-mayu-ishikawa","tag-michaela-mlejnkova","tag-monica-de-gennaro","tag-nika-daalderop","tag-nika-markovic","tag-nova-marring","tag-paola-egonu","tag-sara-bonifacio","tag-sarah-fahr","tag-sarah-franklin","tag-sport","tag-sports","tag-stella-nervini","tag-suvi-kokkonen","tag-tatiana-tolok","tag-taylor-mims","tag-ting-zhu","tag-valentina-bartolucci","tag-valentina-diouf","tag-valeria-battista","tag-volley"],"share_on_mastodon":{"url":"","error":"Validation failed: Text character limit of 500 exceeded"},"_links":{"self":[{"href":"https:\/\/www.europesays.com\/it\/wp-json\/wp\/v2\/posts\/288149","targetHints":{"allow":["GET"]}}],"collection":[{"href":"https:\/\/www.europesays.com\/it\/wp-json\/wp\/v2\/posts"}],"about":[{"href":"https:\/\/www.europesays.com\/it\/wp-json\/wp\/v2\/types\/post"}],"author":[{"embeddable":true,"href":"https:\/\/www.europesays.com\/it\/wp-json\/wp\/v2\/users\/3"}],"replies":[{"embeddable":true,"href":"https:\/\/www.europesays.com\/it\/wp-json\/wp\/v2\/comments?post=288149"}],"version-history":[{"count":0,"href":"https:\/\/www.europesays.com\/it\/wp-json\/wp\/v2\/posts\/288149\/revisions"}],"wp:featuredmedia":[{"embeddable":true,"href":"https:\/\/www.europesays.com\/it\/wp-json\/wp\/v2\/media\/288150"}],"wp:attachment":[{"href":"https:\/\/www.europesays.com\/it\/wp-json\/wp\/v2\/media?parent=288149"}],"wp:term":[{"taxonomy":"category","embeddable":true,"href":"https:\/\/www.europesays.com\/it\/wp-json\/wp\/v2\/categories?post=288149"},{"taxonomy":"post_tag","embeddable":true,"href":"https:\/\/www.europesays.com\/it\/wp-json\/wp\/v2\/tags?post=288149"}],"curies":[{"name":"wp","href":"https:\/\/api.w.org\/{rel}","templated":true}]}}