{"id":288281,"date":"2026-01-02T21:13:09","date_gmt":"2026-01-02T21:13:09","guid":{"rendered":"https:\/\/www.europesays.com\/it\/288281\/"},"modified":"2026-01-02T21:13:09","modified_gmt":"2026-01-02T21:13:09","slug":"un-posto-al-sole-anticipazioni-upas-dal-5-al-9-gennaio-2026","status":"publish","type":"post","link":"https:\/\/www.europesays.com\/it\/288281\/","title":{"rendered":"Un Posto al sole: anticipazioni UPAS dal 5 al 9 gennaio 2026"},"content":{"rendered":"<p class=\"paragraph\" spellcheck=\"true\">L&#8217;appuntamento quotidiano con <b>Un Posto al Sole &#8211; UPAS<\/b> proseguir\u00e0 luned\u00ec 5 gennaio 2026 su Rai 3 alle 20.50 e in parallelo in streaming su RaiPlay. La soap ambientata a Napoli \u00e8 arrivata alla trentesima stagione e in questa prima parte del 2026 vedr\u00e0 l&#8217;arrivo dell&#8217;attrice premio Oscar <b>Whoopy Goldberg<\/b> che sar\u00e0 coinvolta in un arco di pi\u00f9 puntate.<\/p>\n<p class=\"paragraph\" spellcheck=\"true\">In attesa di vedere il suo ruolo e le anticipazioni delle puntate della settimana, diamo un&#8217;occhiata a dove <a href=\"https:\/\/www.gazzetta.it\/tv\/storie\/26-12-2025\/un-posto-al-sole-anticipazioni-upas-dal-29-dicembre-al-2-gennaio\/\" title=\"Un Posto al sole, le anticipazioni delle puntate dal 29 dicembre al 2 gennaio\" target=\"_blank\" rel=\"nofollow noopener\">eravamo rimasti<\/a>. Eduardo ha scoperto la verit\u00e0 su Stella e sul legame con le rapine in atto, per questo torna da Clara cercando di ricostruire il loro rapporto. Nel frattempo la squadra guidata da Damiano, Simone e Ignazio sta per fermare la banda di Stella e Rino e l&#8217;ex boss finir\u00e0 per aiutare la sua amica. Riccardo ha scoperto che non avr\u00e0 il ruolo da primario e ha preso una decisione che rischia di cambiare tutto.<\/p>\n","protected":false},"excerpt":{"rendered":"L&#8217;appuntamento quotidiano con Un Posto al Sole &#8211; UPAS proseguir\u00e0 luned\u00ec 5 gennaio 2026 su Rai 3 alle&hellip;\n","protected":false},"author":3,"featured_media":288282,"comment_status":"","ping_status":"","sticky":false,"template":"","format":"standard","meta":{"footnotes":""},"categories":[1444],"tags":[11538,11539,1518,11536,1262,33303,1368,73820,203,2614,169501,169503,11335,204,1537,90,89,1691,169504,248,169502,9167,8202,8381,2848,1686,360,5046,253,4664],"class_list":{"0":"post-288281","1":"post","2":"type-post","3":"status-publish","4":"format-standard","5":"has-post-thumbnail","7":"category-tv","8":"tag-ambientata","9":"tag-ambientata-napoli","10":"tag-anticipazioni","11":"tag-anticipazioni-puntata","12":"tag-arrivo","13":"tag-damiano","14":"tag-decisione","15":"tag-eduardo","16":"tag-entertainment","17":"tag-gennaio","18":"tag-gennaio-sole","19":"tag-gennaio-upas","20":"tag-gennaro","21":"tag-intrattenimento","22":"tag-it","23":"tag-italia","24":"tag-italy","25":"tag-lunedi","26":"tag-lunedi-gennaio","27":"tag-napoli","28":"tag-nunzio","29":"tag-onda","30":"tag-puntata","31":"tag-raffaele","32":"tag-rai","33":"tag-social","34":"tag-sole","35":"tag-stella","36":"tag-tv","37":"tag-upas"},"share_on_mastodon":{"url":"https:\/\/pubeurope.com\/@it\/115827573037420462","error":""},"_links":{"self":[{"href":"https:\/\/www.europesays.com\/it\/wp-json\/wp\/v2\/posts\/288281","targetHints":{"allow":["GET"]}}],"collection":[{"href":"https:\/\/www.europesays.com\/it\/wp-json\/wp\/v2\/posts"}],"about":[{"href":"https:\/\/www.europesays.com\/it\/wp-json\/wp\/v2\/types\/post"}],"author":[{"embeddable":true,"href":"https:\/\/www.europesays.com\/it\/wp-json\/wp\/v2\/users\/3"}],"replies":[{"embeddable":true,"href":"https:\/\/www.europesays.com\/it\/wp-json\/wp\/v2\/comments?post=288281"}],"version-history":[{"count":0,"href":"https:\/\/www.europesays.com\/it\/wp-json\/wp\/v2\/posts\/288281\/revisions"}],"wp:featuredmedia":[{"embeddable":true,"href":"https:\/\/www.europesays.com\/it\/wp-json\/wp\/v2\/media\/288282"}],"wp:attachment":[{"href":"https:\/\/www.europesays.com\/it\/wp-json\/wp\/v2\/media?parent=288281"}],"wp:term":[{"taxonomy":"category","embeddable":true,"href":"https:\/\/www.europesays.com\/it\/wp-json\/wp\/v2\/categories?post=288281"},{"taxonomy":"post_tag","embeddable":true,"href":"https:\/\/www.europesays.com\/it\/wp-json\/wp\/v2\/tags?post=288281"}],"curies":[{"name":"wp","href":"https:\/\/api.w.org\/{rel}","templated":true}]}}