{"id":289059,"date":"2026-01-03T10:25:10","date_gmt":"2026-01-03T10:25:10","guid":{"rendered":"https:\/\/www.europesays.com\/it\/289059\/"},"modified":"2026-01-03T10:25:10","modified_gmt":"2026-01-03T10:25:10","slug":"firenze-rissa-a-colpi-di-seggiole-e-tavolini-in-piazza-duomo-nella-notte-di-capodanno-i-gestori-della-pizzeria-hanno-distrutto-tutto","status":"publish","type":"post","link":"https:\/\/www.europesays.com\/it\/289059\/","title":{"rendered":"Firenze, rissa a colpi di seggiole e tavolini in piazza Duomo nella notte di Capodanno. I gestori della pizzeria: \u00abHanno distrutto tutto\u00bb"},"content":{"rendered":"<p>    di<br \/>\n    Jacopo Storni<\/p>\n<p class=\"summary-art is-line-h-12\">La rissa sarebbe cominciata in piazza della Repubblica per poi proseguire in piazza del Duomo, dove alcuni giovani hanno preso i tavolini e le sedie del locale all&#8217;esterno e se le sono tirate<\/p>\n<p class=\"chapter-paragraph\"><b>Rissa a colpi di seggiole e tavoli in piazza Duomo a Firenze. <\/b>Erano passati circa quaranta minuti dalla mezzanotte del 31 dicembre quando, fuori dall\u2019Antica pizzeria del Duomo, <b>una ventina di giovani di origine maghrebina ha iniziato a picchiarsi utilizzando tutto quello che ha trovato a portata di mano<\/b>. Il video girato dalle camere di un airbnb ai piani alti, mostra chiaramente quanto accaduto.\u00a0<\/p>\n<p class=\"chapter-paragraph\"><b>\u00abIn tanti anni che lavoro qui, non ho mai visto niente del genere\u00bb<\/b> ha detto uno dei dipendenti della pizzeria al taglio, secondo cui la rissa sarebbe cominciata in piazza della Repubblica per poi proseguire in piazza del Duomo. <b>\u00abHanno distrutto tutto,<\/b> \u00e8 stata scagliata una bottiglia dentro il nostro locale, che per miracolo non ha colpito uno dei miei colleghi\u00bb.    &#13;<br \/>\n&#13;<br \/>\n&#13;<br \/>\n&#13;<br \/>\n&#13;<br \/>\n&#13;<br \/>\n&#13;<br \/>\n&#13;<br \/>\n&#13;<br \/>\n&#13;<br \/>\n&#13;<br \/>\n&#13;<br \/>\n&#13;<br \/>\n&#13;<br \/>\n&#13;<br \/>\n&#13;<br \/>\n&#13;<br \/>\n&#13;<br \/>\n&#13;<br \/>\n&#13;<br \/>\n&#13;<br \/>\n&#13;<br \/>\n&#13;<br \/>\n&#13;<br \/>\n&#13;<br \/>\n&#13;<br \/>\n&#13;<br \/>\n&#13;<br \/>\n&#13;<br \/>\n&#13;<br \/>\n&#13;<br \/>\n&#13;<br \/>\n&#13;<br \/>\n&#13;<br \/>\n&#13;<br \/>\n&#13;<br \/>\n&#13;<br \/>\n&#13;<br \/>\n&#13;<br \/>\n&#13;<br \/>\n&#13;<br \/>\n&#13;<br \/>\n&#13;<br \/>\n&#13;<br \/>\n&#13;<br \/>\n&#13;<br \/>\n&#13;<br \/>\n&#13;<br \/>\n&#13;<br \/>\n&#13;<br \/>\n&#13;<br \/>\n&#13;<br \/>\n&#13;\n<\/p>\n<p class=\"chapter-paragraph\"><b>Dopo qualche minuto, la rissa si \u00e8 placata, <\/b>ma dopo mezz\u2019ora, hanno spiegato sempre dal locale teatro degli scontri, \u00abi ragazzi violenti sono tornati e se la sono presa, non so perch\u00e9, con un ventenne ligure che ci stava dando una mano a mettere a posto i tavolini e le sedie. <b>Un gruppo di ragazzi l\u2019ha inseguito dentro il locale, anche al piano di sotto, seminando paura tra le persone che erano dentro<\/b>\u00bb. Secondo alcuni testimoni, alcuni ragazzi avrebbero avuto dei coltelli.<\/p>\n<p class=\"chapter-paragraph\">I dipendenti di alcuni locali in piazza Duomo hanno chiamato le forze dell\u2019ordine, che sarebbero per\u00f2 intervenute quando gli scontri si erano gi\u00e0 placati e le persone violente gi\u00e0 dileguate.<\/p>\n<p class=\"chapter-paragraph\"><b>\u00abLa rissa in piazza Duomo \u00e8 un fatto grave su cui ci saranno le verifiche delle forze dell&#8217;ordine. Ma basta propaganda\u00bb.<\/b> Lo afferma l&#8217;assessore alla Sicurezza di Firenze, Andrea Giorgio, sull&#8217;episodio di cui circola un video sui social e stigmatizzato dall&#8217;europarlamentare FdI Francesco Torselli e dal presidente di Giovent\u00f9 nazionale a Firenze Simone Sollazzo.\u00a0<\/p>\n<p class=\"chapter-paragraph\">\u00abCome al solito &#8211; prosegue Giorgio &#8211; l&#8217;europarlamentare Fdi strumentalizza e dice cose non vere, <b>scordandosi che la destra governa da tre anni e gli italiani ancora aspettano risposte sulla sicurezz<\/b>a. Il meccanismo della propaganda delle destre \u00e8 sempre il solito: mistificare la realt\u00e0, costruendo polemiche e bugie per coprire il loro fallimento e attaccare la sindaca Funaro e l&#8217;amministrazione, in prima linea fin da inizio mandato per dare risposte concrete ai cittadini anche sulla sicurezza, che per noi \u00e8 una priorit\u00e0 assoluta\u00bb.\u00a0<\/p>\n<p class=\"chapter-paragraph\"><b>\u00abA Firenze &#8211; ricostruisce dunque l&#8217;assessore &#8211; la notte di Capodanno ha visto migliaia di persone in piazza, pacifiche e in festa.<\/b> Raccontare il Capodanno fiorentino pi\u00f9 bello degli ultimi anni sintetizzandolo con un solo episodio, grave, da non sottovalutare, ma comunque circoscritto, \u00e8 manipolare la realt\u00e0. Ringraziamo le forze dell&#8217;ordine e tutti coloro che hanno garantito la sicurezza in citt\u00e0 a Capodanno e invitiamo Torselli e Sollazzo, invece di fare polemiche sterili, a ricordare a Meloni che le citt\u00e0 ancora aspettano risposte sulla sicurezza.<b> Si impegnino piuttosto a chiedere investimenti e forze dell&#8217;ordine adeguate: tutte cose su cui in questa finanziaria non c&#8217;\u00e8 un soldo\u00bb.<\/b><\/p>\n<p class=\"is-mr-t-20 is-mr-b-20\"><b><br \/>\n                    <a href=\"https:\/\/corrierefiorentino.corriere.it\/?intcmp=Notizielocali_nd_010623_corriere_ss_fior\" target=\"_blank\" rel=\"nofollow noopener\">Vai a tutte le notizie di Firenze<\/a><br \/>\n            <\/b><\/p>\n<p class=\"chapter-paragraph\"><b><a href=\"https:\/\/www.corriere.it\/newsletter\/?theme=45&amp;intcmp=NL-artic_nd_050624_corriere_ss_fior\" target=\"_blank\" rel=\"nofollow noopener\">Iscriviti alla newsletter del Corriere Fiorentino<\/a><\/b><\/p>\n<p class=\"is-last-update\" datetime=\"2026-01-02T17:19:00+01:00\">2 gennaio 2026 ( modifica il 2 gennaio 2026 | 17:18)<\/p>\n<p class=\"is-copyright\">\n            \u00a9 RIPRODUZIONE RISERVATA\n        <\/p>\n","protected":false},"excerpt":{"rendered":"di Jacopo Storni La rissa sarebbe cominciata in piazza della Repubblica per poi proseguire in piazza del Duomo,&hellip;\n","protected":false},"author":3,"featured_media":289060,"comment_status":"","ping_status":"","sticky":false,"template":"","format":"standard","meta":{"footnotes":"","_share_on_mastodon":"0"},"categories":[79],"tags":[24224,169981,169982,311,82649,2023,169983,21106,169984,169985,122,14,93,94,2588,1462,5082,9162,9592,169986,124,2266,769,2688,1537,90,89,695,7,15,6183,5543,15042,18417,1699,17739,9764,863,41654,11,84,91,12,85,92],"class_list":["post-289059","post","type-post","status-publish","format-standard","has-post-thumbnail","category-italia","tag-aspettano","tag-aspettano-risposte","tag-aspettano-risposte-sicurezza","tag-assessore","tag-capodanno","tag-colpi","tag-colpi-seggiole","tag-cominciata","tag-cominciata-piazza","tag-cominciata-piazza-repubblica","tag-cose","tag-cronaca","tag-cronaca-italiana","tag-cronacaitaliana","tag-dipendenti","tag-distrutto","tag-duomo","tag-episodio","tag-europarlamentare","tag-europarlamentare-fdi","tag-fdi","tag-firenze","tag-forze","tag-forze-ordine","tag-it","tag-italia","tag-italy","tag-locale","tag-news","tag-notizie","tag-ordine","tag-piazza","tag-piazza-duomo","tag-pizzeria","tag-ragazzi","tag-risposte","tag-rissa","tag-sicurezza","tag-tavolini","tag-ultime-notizie","tag-ultime-notizie-e-news-di-oggi","tag-ultime-notizie-italia","tag-ultimenotizie","tag-ultimenotizieenewsdioggi","tag-ultimenotizieitalia"],"share_on_mastodon":{"url":"","error":"Validation failed: Text character limit of 500 exceeded"},"_links":{"self":[{"href":"https:\/\/www.europesays.com\/it\/wp-json\/wp\/v2\/posts\/289059","targetHints":{"allow":["GET"]}}],"collection":[{"href":"https:\/\/www.europesays.com\/it\/wp-json\/wp\/v2\/posts"}],"about":[{"href":"https:\/\/www.europesays.com\/it\/wp-json\/wp\/v2\/types\/post"}],"author":[{"embeddable":true,"href":"https:\/\/www.europesays.com\/it\/wp-json\/wp\/v2\/users\/3"}],"replies":[{"embeddable":true,"href":"https:\/\/www.europesays.com\/it\/wp-json\/wp\/v2\/comments?post=289059"}],"version-history":[{"count":0,"href":"https:\/\/www.europesays.com\/it\/wp-json\/wp\/v2\/posts\/289059\/revisions"}],"wp:featuredmedia":[{"embeddable":true,"href":"https:\/\/www.europesays.com\/it\/wp-json\/wp\/v2\/media\/289060"}],"wp:attachment":[{"href":"https:\/\/www.europesays.com\/it\/wp-json\/wp\/v2\/media?parent=289059"}],"wp:term":[{"taxonomy":"category","embeddable":true,"href":"https:\/\/www.europesays.com\/it\/wp-json\/wp\/v2\/categories?post=289059"},{"taxonomy":"post_tag","embeddable":true,"href":"https:\/\/www.europesays.com\/it\/wp-json\/wp\/v2\/tags?post=289059"}],"curies":[{"name":"wp","href":"https:\/\/api.w.org\/{rel}","templated":true}]}}