{"id":289077,"date":"2026-01-03T10:46:10","date_gmt":"2026-01-03T10:46:10","guid":{"rendered":"https:\/\/www.europesays.com\/it\/289077\/"},"modified":"2026-01-03T10:46:10","modified_gmt":"2026-01-03T10:46:10","slug":"oggi-inizia-la-dakar-la-corsa-piu-pazza-del-mondo-storia-e-curiosita-tutto-quello-che-ce-da-sapere","status":"publish","type":"post","link":"https:\/\/www.europesays.com\/it\/289077\/","title":{"rendered":"Oggi inizia la Dakar, la corsa pi\u00f9 pazza del mondo: storia e curiosit\u00e0, tutto quello che c&#8217;\u00e8 da sapere"},"content":{"rendered":"<p class=\"chapter-paragraph\">Oggi prende il via la 48\u00aa edizione della <b>Dakar, <\/b>la settima di fila in <b>Arabia Saudita<\/b>. Un percorso estremo, <b>la \u00abgara pi\u00f9 dura del mondo\u00bb <\/b>per i concorrenti che vi prenderanno parte su auto, moto e camion. Due settimane (3-17 gennaio) in cui si daranno battaglia oltre 800 piloti e pi\u00f9 di 400 veicoli. Sorrider\u00e0, da lass\u00f9, l&#8217;ideatore<b> Thierry Sabine,<\/b> che nel 1976 pens\u00f2 a una gara da Parigi alla capitale del Senegal quando si perse nel deserto durante la corsa Abidjan-Nizza. Sembra ieri quando alla gara, ancora sconosciuta alle grandi case automobilistiche e motociclistiche, partecipavano solo piloti privati. <b>Oggi pi\u00f9 di 70 televisioni e oltre mille giornalisti racconteranno quanto succeder\u00e0 fra le dune <\/b>(in Italia sar\u00e0 visibile su Sky Sport) e il giro d&#8217;affari viene stimato in centinaia di milioni di euro.<\/p>\n","protected":false},"excerpt":{"rendered":"Oggi prende il via la 48\u00aa edizione della Dakar, la settima di fila in Arabia Saudita. Un percorso&hellip;\n","protected":false},"author":3,"featured_media":289078,"comment_status":"","ping_status":"","sticky":false,"template":"","format":"standard","meta":{"footnotes":"","_share_on_mastodon":"0"},"categories":[176],"tags":[170003,170004,170005,415,170006,170007,3473,47746,170008,13319,170009,2765,691,392,727,1276,8776,10609,1368,26271,169994,37979,6543,2239,8189,724,2716,225,15413,629,2614,169995,169996,169997,298,23643,1537,90,89,4482,4639,4104,4044,47135,15306,8888,794,10819,1783,4476,1289,169998,27384,491,29080,3386,3333,3335,2893,179,13593,14386,5569,169990,169999,170000,245,244,1567,659,170001,42564,14390,4960,170002,169991,169992,15045,169993,16558,2529,13062],"class_list":["post-289077","post","type-post","status-publish","format-standard","has-post-thumbnail","category-sport","tag-abidjan","tag-abidjan-nizza","tag-abidjan-nizza-gara","tag-acque","tag-acque-colore","tag-acque-colore-rosa","tag-addetti","tag-addetti-lavori","tag-addetti-lavori-edizione","tag-adrenalina","tag-adrenalina-dolore","tag-auto","tag-camion","tag-capitale","tag-case","tag-corsa","tag-corse","tag-dakar","tag-decisione","tag-deserto","tag-deserto-corsa","tag-dune","tag-dura","tag-edizione","tag-elicottero","tag-euro","tag-figlio","tag-finlandese","tag-francesi","tag-gara","tag-gennaio","tag-ideatore","tag-ideatore-thierry","tag-ideatore-thierry-sabine","tag-incidente","tag-iscrizione","tag-it","tag-italia","tag-italy","tag-jean","tag-km","tag-lago","tag-macchina","tag-mali","tag-mark","tag-meccanico","tag-militare","tag-motivo","tag-moto","tag-notte","tag-parigi","tag-parigi-dakar","tag-partecipazione","tag-percorso","tag-perse","tag-perso","tag-pilota","tag-piloti","tag-prende","tag-pubblico","tag-regolamento","tag-rivali","tag-rosa","tag-sabine","tag-smarrendosi","tag-smarrendosi-dune","tag-sport","tag-sports","tag-storia","tag-tante","tag-tante-tragedie","tag-tantissimo","tag-tappe","tag-terzo","tag-thatcher","tag-thierry","tag-thierry-sabine","tag-tragedie","tag-vatanen","tag-veicoli","tag-viene","tag-vince"],"share_on_mastodon":{"url":"","error":"Validation failed: Text character limit of 500 exceeded"},"_links":{"self":[{"href":"https:\/\/www.europesays.com\/it\/wp-json\/wp\/v2\/posts\/289077","targetHints":{"allow":["GET"]}}],"collection":[{"href":"https:\/\/www.europesays.com\/it\/wp-json\/wp\/v2\/posts"}],"about":[{"href":"https:\/\/www.europesays.com\/it\/wp-json\/wp\/v2\/types\/post"}],"author":[{"embeddable":true,"href":"https:\/\/www.europesays.com\/it\/wp-json\/wp\/v2\/users\/3"}],"replies":[{"embeddable":true,"href":"https:\/\/www.europesays.com\/it\/wp-json\/wp\/v2\/comments?post=289077"}],"version-history":[{"count":0,"href":"https:\/\/www.europesays.com\/it\/wp-json\/wp\/v2\/posts\/289077\/revisions"}],"wp:featuredmedia":[{"embeddable":true,"href":"https:\/\/www.europesays.com\/it\/wp-json\/wp\/v2\/media\/289078"}],"wp:attachment":[{"href":"https:\/\/www.europesays.com\/it\/wp-json\/wp\/v2\/media?parent=289077"}],"wp:term":[{"taxonomy":"category","embeddable":true,"href":"https:\/\/www.europesays.com\/it\/wp-json\/wp\/v2\/categories?post=289077"},{"taxonomy":"post_tag","embeddable":true,"href":"https:\/\/www.europesays.com\/it\/wp-json\/wp\/v2\/tags?post=289077"}],"curies":[{"name":"wp","href":"https:\/\/api.w.org\/{rel}","templated":true}]}}