{"id":289445,"date":"2026-01-03T16:03:10","date_gmt":"2026-01-03T16:03:10","guid":{"rendered":"https:\/\/www.europesays.com\/it\/289445\/"},"modified":"2026-01-03T16:03:10","modified_gmt":"2026-01-03T16:03:10","slug":"seconda-vittoria-di-fila-da-cunha-stende-ludinese","status":"publish","type":"post","link":"https:\/\/www.europesays.com\/it\/289445\/","title":{"rendered":"seconda vittoria di fila, Da Cunha stende l&#8217;Udinese"},"content":{"rendered":"<p>Vittoria di misura per il <strong>Como<\/strong> che batte <strong>l&#8217;Udinese<\/strong> e porta a casa 3 punti importanti, con la seconda vittoria di fila messa a segno dopo il successo contro il Lecce dell&#8217;ultima giornata del 2025. Udinese che invece torna a casa a bocca asciutta, e resta una sola vittoria nelle ultime cinque partite di campionato.\u00a0<\/p>\n<p>Como-Udinese, la cronaca del primo tempo\u00a0<\/p>\n<p>Un primo tempo nella prima parte dai ritmi blandi, poi arriva l&#8217;episodio che sblocca la partita: fallo di Piotrowski su Moreno in area, arriva il calcio di rigore.<strong> Dal dischetto Da Cunha non sbaglia e batte Padelli<\/strong> per il vantaggio dei padroni di casa. Gara che anche dopo il gol si tiene su ritmi blandi con le due squadre che si studiano per larga parte del primo tempo. Como pi\u00f9 attivo negli ultimi metri di campo, mentre Davis e Zaniolo assorbiti dal movimento della squadra di F\u00e0bregas che non d\u00e0 punti di riferimento ai friulani.\u00a0<\/p>\n<p>Como-Udinese, la cronaca del secondo tempo\u00a0<\/p>\n<p>In avvio di ripresa di prova subito Ekkelenkamp: palla nello spazio e conclusione che termina fuori. Al 55&#8242; un altro episodio importante del match: l&#8217;Udinese trova il pertugio con Miller che serve <strong>Zanolo<\/strong>, l&#8217;attaccante salta il portiere e mette in porta ma \u00e8 in fuorigioco. Al 60&#8242; il Como torna a farsi vedere con Douvikas che riceve palla in area e scarica in porta trovando la piena traversa. Como che riesce a tenere botta, tenendo a bade l&#8217;Udinese sempre in difficolt\u00e0 nell&#8217;andare alla costruzione in fase offensiva.<\/p>\n","protected":false},"excerpt":{"rendered":"Vittoria di misura per il Como che batte l&#8217;Udinese e porta a casa 3 punti importanti, con la&hellip;\n","protected":false},"author":3,"featured_media":289446,"comment_status":"","ping_status":"","sticky":false,"template":"","format":"standard","meta":{"footnotes":""},"categories":[1452],"tags":[721,719,720,1740,1537,90,89,251,1739,245,244],"class_list":{"0":"post-289445","1":"post","2":"type-post","3":"status-publish","4":"format-standard","5":"has-post-thumbnail","7":"category-calcio","8":"tag-calcio","9":"tag-fanta","10":"tag-fantacalcio","11":"tag-football","12":"tag-it","13":"tag-italia","14":"tag-italy","15":"tag-serie-a","16":"tag-soccer","17":"tag-sport","18":"tag-sports"},"share_on_mastodon":{"url":"https:\/\/pubeurope.com\/@it\/115832016290224078","error":""},"_links":{"self":[{"href":"https:\/\/www.europesays.com\/it\/wp-json\/wp\/v2\/posts\/289445","targetHints":{"allow":["GET"]}}],"collection":[{"href":"https:\/\/www.europesays.com\/it\/wp-json\/wp\/v2\/posts"}],"about":[{"href":"https:\/\/www.europesays.com\/it\/wp-json\/wp\/v2\/types\/post"}],"author":[{"embeddable":true,"href":"https:\/\/www.europesays.com\/it\/wp-json\/wp\/v2\/users\/3"}],"replies":[{"embeddable":true,"href":"https:\/\/www.europesays.com\/it\/wp-json\/wp\/v2\/comments?post=289445"}],"version-history":[{"count":0,"href":"https:\/\/www.europesays.com\/it\/wp-json\/wp\/v2\/posts\/289445\/revisions"}],"wp:featuredmedia":[{"embeddable":true,"href":"https:\/\/www.europesays.com\/it\/wp-json\/wp\/v2\/media\/289446"}],"wp:attachment":[{"href":"https:\/\/www.europesays.com\/it\/wp-json\/wp\/v2\/media?parent=289445"}],"wp:term":[{"taxonomy":"category","embeddable":true,"href":"https:\/\/www.europesays.com\/it\/wp-json\/wp\/v2\/categories?post=289445"},{"taxonomy":"post_tag","embeddable":true,"href":"https:\/\/www.europesays.com\/it\/wp-json\/wp\/v2\/tags?post=289445"}],"curies":[{"name":"wp","href":"https:\/\/api.w.org\/{rel}","templated":true}]}}