{"id":289734,"date":"2026-01-03T20:34:10","date_gmt":"2026-01-03T20:34:10","guid":{"rendered":"https:\/\/www.europesays.com\/it\/289734\/"},"modified":"2026-01-03T20:34:10","modified_gmt":"2026-01-03T20:34:10","slug":"ecco-perche-meghan-markle-e-la-star-piu-odiata-del-web-torino-cronaca","status":"publish","type":"post","link":"https:\/\/www.europesays.com\/it\/289734\/","title":{"rendered":"Ecco perch\u00e9 Meghan Markle \u00e8 la star pi\u00f9 odiata del web &#8211; Torino Cronaca"},"content":{"rendered":"<p>Uno si chiede sempre cosa abbia fatto di male. Eppure Meghan Markle ha mandato in archivio il 2025 con un primato poco invidiabile. Nella classifica di Ranker.com, notissimo sito web americano che propone sondaggi su moltissimi argomenti, delle celebrit\u00e0 pi\u00f9 odiate \u00e8 riuscita a battere persino Sean P. Diddy Combs, fresco di condanna a 4 anni per un paio di capi di imputazione. In tutto oltre 95mila voti e un testa e testa tra i primi due che \u00e8 andato avanti tutto l\u2019anno. Sul gradino pi\u00f9 basso del podio Jada Pinkett Smith (moglie dell\u2019attore Will Smith), seguita da Amber Heard che \u00e8 soprattutto famosa per la causa, persa, con l\u2019ex marito Johnny Depp. E al quinto posto? C\u2019\u00e8 Harry che ha avuto la meglio sulla nota conduttrice tv Ellen DeGeneres e sull\u2019attore ormai in disarmo per le molte accuse di violenza sessuale, Bill Cosby.<\/p>\n<p>  Powered by <a target=\"_blank\" href=\"https:\/\/evolutiongroup.digital\/\" rel=\"nofollow noopener\"> <img decoding=\"async\" src=\"https:\/\/evolutiongroup.digital\/wp-content\/themes\/evolution_group\/assets\/static\/logo\/logo-evolutiongroup-black.svg\" alt=\"powered by evolution group\"\/> <\/a> <\/p>\n<p> Di certo non aiutano a renderla popolare e quindi anche pi\u00f9 amata le mille iniziative senza costrutto che ha messo in piedi negli ultimi anni, dopo il rientro negli Stati Uniti. Progetti come \u201cWith Love, Meghan\u201d, docuserie prodotta da lei e dal marito sbarcata su Netflix la scorsa primavera. Ha cercato di passare per la perfetta padrona di casa dando consigli su lifestyle e vita domestica con scarso successo. Soprattutto perch\u00e9 cercava di passare come una casalinga di Voghera, invitando per\u00f2 le sue amiche Vip, mossa quanto meno azzardata.<br \/>Nella testa dei Sussex comunque ci sono altri progetti in corso e che stanno per partire, perch\u00e9 loro non mollano. Poco prima di Natale hanno annunciato che la Archewell Foundation cambier\u00e0 il suo nome in Archewell Philanthropies. \u201cQuesta entit\u00e0 benefica consente alla coppia e ai loro figli di ampliare i loro sforzi filantropici globali come una famiglia\u201d, si legge nel comunicato. Iniziativa meritevole, ma ancora una volta c\u2019\u00e8 chi storce il naso. Perch\u00e9 Archie e Lilibet, i figli della coppia, hanno solo 6 e 4 anni, quindi passer\u00e0 tempo prima che siano realmente coinvolti. Eppure i loro genitori stanno gi\u00e0 pianificando tutto e questo, ai nostri giorni, non piace.<\/p>\n","protected":false},"excerpt":{"rendered":"Uno si chiede sempre cosa abbia fatto di male. Eppure Meghan Markle ha mandato in archivio il 2025&hellip;\n","protected":false},"author":3,"featured_media":289735,"comment_status":"","ping_status":"","sticky":false,"template":"","format":"standard","meta":{"footnotes":"","_share_on_mastodon":"0"},"categories":[1451],"tags":[170346,164647,72647,1621,1620,170347,203,204,1537,90,89,29184,72653,14165,3166,170345,37381],"class_list":["post-289734","post","type-post","status-publish","format-standard","has-post-thumbnail","category-celebrita","tag-archewell-foundation","tag-archewell-philanthropies","tag-archie","tag-celebrita","tag-celebrities","tag-ellen-degeneres","tag-entertainment","tag-intrattenimento","tag-it","tag-italia","tag-italy","tag-johnny-depp","tag-lilibet","tag-meghan-markle","tag-netflix","tag-ranker-com","tag-voghera"],"share_on_mastodon":{"url":"https:\/\/pubeurope.com\/@it\/115833081930594914","error":""},"_links":{"self":[{"href":"https:\/\/www.europesays.com\/it\/wp-json\/wp\/v2\/posts\/289734","targetHints":{"allow":["GET"]}}],"collection":[{"href":"https:\/\/www.europesays.com\/it\/wp-json\/wp\/v2\/posts"}],"about":[{"href":"https:\/\/www.europesays.com\/it\/wp-json\/wp\/v2\/types\/post"}],"author":[{"embeddable":true,"href":"https:\/\/www.europesays.com\/it\/wp-json\/wp\/v2\/users\/3"}],"replies":[{"embeddable":true,"href":"https:\/\/www.europesays.com\/it\/wp-json\/wp\/v2\/comments?post=289734"}],"version-history":[{"count":0,"href":"https:\/\/www.europesays.com\/it\/wp-json\/wp\/v2\/posts\/289734\/revisions"}],"wp:featuredmedia":[{"embeddable":true,"href":"https:\/\/www.europesays.com\/it\/wp-json\/wp\/v2\/media\/289735"}],"wp:attachment":[{"href":"https:\/\/www.europesays.com\/it\/wp-json\/wp\/v2\/media?parent=289734"}],"wp:term":[{"taxonomy":"category","embeddable":true,"href":"https:\/\/www.europesays.com\/it\/wp-json\/wp\/v2\/categories?post=289734"},{"taxonomy":"post_tag","embeddable":true,"href":"https:\/\/www.europesays.com\/it\/wp-json\/wp\/v2\/tags?post=289734"}],"curies":[{"name":"wp","href":"https:\/\/api.w.org\/{rel}","templated":true}]}}