{"id":289761,"date":"2026-01-03T21:01:12","date_gmt":"2026-01-03T21:01:12","guid":{"rendered":"https:\/\/www.europesays.com\/it\/289761\/"},"modified":"2026-01-03T21:01:12","modified_gmt":"2026-01-03T21:01:12","slug":"una-cosa-grava-che-mi-coinvolge","status":"publish","type":"post","link":"https:\/\/www.europesays.com\/it\/289761\/","title":{"rendered":"Una cosa grava che mi coinvolge"},"content":{"rendered":"<p>\u201cDifficilissimo intervenire e difficilissimo non intervenire, per me\u201d. Inizia cos\u00ec il breve messaggio che Andrea Pisani (del duo comico dei Panpers) ha pubblicato su Instagram oggi 3 gennaio 2026. Attraverso una story (Pisani \u00e8 seguito da 749mila follower) l&#8217;attore ha risposto all&#8217;ex Beatrice Arnera (che ieri si \u00e8 lasciata andare a un durissimo sfogo).<\/p>\n<p>La replica di Andrea Pisani a Beatrice Arnera<\/p>\n<p>\u201cPosso solo dire l&#8217;ovvio, a costo di essere scontato, che se per\u00f2 non dico passa per menefreghismo nei confronti di una cosa che rimane grave che comunque mi coinvolge\u201d, continua Pisani. Il quale infine conclude: \u201cConvertire i propri pareri in insulti di tale cattiveria \u00e8 sbagliato e condannabile sotto ogni aspetto\u201d, scrive lui prendendo quindi le difese dell&#8217;ex Arnera. I due, ormai \u00e8 cosa nota, sono stati fidanzati per circa 4 anni e nel 2024 \u00e8 nata la loro bimba. Poi il \u201ccaso\u201d Raoul Bova-Rocio Morales, la fine della loro relazione e l&#8217;inizio, a tempi record, di quella dell&#8217;attore romano con Beatrice Arnera. Attualmente Arnera e Bova sono felicemente fidanzati mentre Pisani risulta single.\u00a0<\/p>\n<p><a href=\"https:\/\/www.today.it\/gossip\/vip\/raoul-bova-beatrice-arnera-convivenza.html\" target=\"_blank\" rel=\"nofollow noopener\">Raoul Bova e Beatrice Arnera gi\u00e0 convivono: la serata romantica finisce a casa<\/a><a href=\"https:\/\/www.today.it\/gossip\/vip\/beatrice-arnera-minacce-andrea-pisani.html\" target=\"_blank\" rel=\"nofollow noopener\">Beatrice Arnera: &#8220;Perseguitata da minacce da quando il padre di mia figlia \u00e8 andato da Gazzoli a raccontare una storia piena di inesattezze&#8221;\u00a0<\/a>Cos&#8217;aveva scritto Beatrice Arnera<\/p>\n<p>Ieri, 2 gennaio, dopo mesi di silenzio, <a href=\"https:\/\/www.today.it\/gossip\/vip\/beatrice-arnera-minacce-andrea-pisani.html\" target=\"_blank\" rel=\"nofollow noopener\">Beatrice Arnera si \u00e8 lasciata andare a un lungo e duro sfogo. Via social ha scritto<\/a>: &#8220;Una donna che si separa e mesi dopo sceglie di iniziare una nuova relazione \u00e8 perseguitata da messaggi di odio, minacce e inviti al suicidio. Nel 2026. Sono mesi che vivo questa condizione. Mesi. Precisamente dall&#8217;uscita della pirotecnica puntata del basement in cui Gazzoli si improvvisa psicoterapeuta e il padre di mia figlia racconta una storia piena di inesattezze&#8221;, ha esordito l&#8217;attrice.\u00a0<\/p>\n<p>E ancora Arnera: \u201cNessuna donna dovrebbe avere paura di lasciare il proprio partner. Nessun essere umano dovrebbe provare vergogna o timore di subire ripercussioni se decide di lasciare il proprio partner. Insegner\u00f2 a mia figlia che se non sta pi\u00f9 bene, \u00e8 libera di andarsene, da qualsiasi situazione. Senza nemmeno dover dare troppe spiegazioni, a mamma, a pap\u00e0, ai social o all&#8217;Italia intera\u201d.<\/p>\n<p>&#8220;Perch\u00e9 grazie a Dio non siamo sassi, siamo esseri umani e se non stiamo bene dove siamo, siamo liberi di andarcene. E dovrebbe essere un diritto, che non dovrebbe subire conseguenze violente, insulti, minacce di morte o gravi ripercussioni sul lavoro\u201d, le parole di lei. A seguire, nella giornata di oggi, la replica di Pisani.\u00a0<\/p>\n<p><a href=\"https:\/\/www.today.it\/gossip\/vip\/andrea-pisani-proposte-matrimonio.html\" target=\"_blank\" rel=\"nofollow noopener\">Pisani dopo le parole su Arnera e Bova: &#8220;Tanti nella mia situazione, alcune mi hanno proposto il matrimonio&#8221;<\/a><\/p>\n<p><img decoding=\"async\" src=\"https:\/\/www.europesays.com\/it\/wp-content\/uploads\/2026\/01\/pisani-story.jpeg\" alt=\"Instagram Story Andrea Pisani\" title=\"Instagram Story Andrea Pisani\"\/><\/p>\n","protected":false},"excerpt":{"rendered":"\u201cDifficilissimo intervenire e difficilissimo non intervenire, per me\u201d. Inizia cos\u00ec il breve messaggio che Andrea Pisani (del duo&hellip;\n","protected":false},"author":3,"featured_media":289762,"comment_status":"","ping_status":"","sticky":false,"template":"","format":"standard","meta":{"footnotes":""},"categories":[1451],"tags":[88644,88645,1621,1620,203,204,1537,90,89,376],"class_list":{"0":"post-289761","1":"post","2":"type-post","3":"status-publish","4":"format-standard","5":"has-post-thumbnail","7":"category-celebrita","8":"tag-andrea-pisani","9":"tag-beatrice-arnera","10":"tag-celebrita","11":"tag-celebrities","12":"tag-entertainment","13":"tag-intrattenimento","14":"tag-it","15":"tag-italia","16":"tag-italy","17":"tag-raoul-bova"},"share_on_mastodon":{"url":"https:\/\/pubeurope.com\/@it\/115833188029581488","error":""},"_links":{"self":[{"href":"https:\/\/www.europesays.com\/it\/wp-json\/wp\/v2\/posts\/289761","targetHints":{"allow":["GET"]}}],"collection":[{"href":"https:\/\/www.europesays.com\/it\/wp-json\/wp\/v2\/posts"}],"about":[{"href":"https:\/\/www.europesays.com\/it\/wp-json\/wp\/v2\/types\/post"}],"author":[{"embeddable":true,"href":"https:\/\/www.europesays.com\/it\/wp-json\/wp\/v2\/users\/3"}],"replies":[{"embeddable":true,"href":"https:\/\/www.europesays.com\/it\/wp-json\/wp\/v2\/comments?post=289761"}],"version-history":[{"count":0,"href":"https:\/\/www.europesays.com\/it\/wp-json\/wp\/v2\/posts\/289761\/revisions"}],"wp:featuredmedia":[{"embeddable":true,"href":"https:\/\/www.europesays.com\/it\/wp-json\/wp\/v2\/media\/289762"}],"wp:attachment":[{"href":"https:\/\/www.europesays.com\/it\/wp-json\/wp\/v2\/media?parent=289761"}],"wp:term":[{"taxonomy":"category","embeddable":true,"href":"https:\/\/www.europesays.com\/it\/wp-json\/wp\/v2\/categories?post=289761"},{"taxonomy":"post_tag","embeddable":true,"href":"https:\/\/www.europesays.com\/it\/wp-json\/wp\/v2\/tags?post=289761"}],"curies":[{"name":"wp","href":"https:\/\/api.w.org\/{rel}","templated":true}]}}