{"id":290173,"date":"2026-01-04T04:40:10","date_gmt":"2026-01-04T04:40:10","guid":{"rendered":"https:\/\/www.europesays.com\/it\/290173\/"},"modified":"2026-01-04T04:40:10","modified_gmt":"2026-01-04T04:40:10","slug":"damiano-david-dove-cameron-si-sposano-matrimonio-nel-2026-gli-anelli","status":"publish","type":"post","link":"https:\/\/www.europesays.com\/it\/290173\/","title":{"rendered":"Damiano David Dove Cameron si sposano: matrimonio nel 2026. Gli anelli"},"content":{"rendered":"<p>                                La coppia ha confermato il fidanzamento mostrando gli anelli e condividendo una frase incisa all\u2019interno:\u00a0&#8220;La parte migliore dell\u2019essere vivi&#8221;<\/p>\n<p>                    3 gennaio &#8211; 22:02  &#8211; MILANO<\/p>\n<p class=\"paragraph\" spellcheck=\"true\">La conferma \u00e8 arrivata dai social, senza comunicati n\u00e9 anticipazioni. <a href=\"https:\/\/www.gazzetta.it\/gossip\/30-10-2025\/damiano-david-e-dove-cameron-matrimonio-in-vista-c-e-un-anello.shtml?intcmp=hyperlink-articolo-gazit\" target=\"_blank\" rel=\"nofollow noopener\">Damiano David e Dove Cameron<\/a> <b>si sposano entro il 2026<\/b>. A renderlo evidente sono state alcune immagini condivise online e un dettaglio che non \u00e8 passato inosservato: <b>entrambi indossano dei vistosi anelli di fidanzamento<\/b>. Il post \u00e8 accompagnato da una breve frase firmata da Damiano: &#8220;Sar\u00e0 un anno bellissimo&#8221;, accompagnato dalle emoji del cuoricino e dell&#8217;anello. Un messaggio semplice ma carico di significato, legato inevitabilmente al momento di gioia che la coppia sta vivendo.<\/p>\n<p>    Damiano David e Dove Cameron: matrimonio entro il 2026\u2014 \u00a0<\/p>\n<p class=\"paragraph is-inline\" spellcheck=\"true\">Gli anelli di fidanzamento sono realizzati da <b>Bernini High Jewelry<\/b>. Entrambi sono <b>in oro rosa 18 carati, con diamanti naturali<\/b> certificati GIA, e presentano un design pulito, senza elementi ridondanti. Ma il dettaglio pi\u00f9 significativo \u00e8 all\u2019interno, con la stessa frase incisa su entrambi gli anelli: &#8220;La parte migliore dell\u2019essere vivi&#8221;.  Un messaggio che non si limita alla dimensione sentimentale, ma richiama un\u2019idea di amore come scelta consapevole e condivisa, parte integrante della vita quotidiana.<\/p>\n<p>    Dove Cameron e Damiano David si sposano: insieme dal 2024\u00a0\u2014 \u00a0<\/p>\n<p class=\"paragraph is-inline\" spellcheck=\"true\">La storia tra Damiano David e Dove Cameron si \u00e8 sviluppata con gradualit\u00e0. Si sono conosciuti nel 2022 e hanno reso pubblica la loro relazione nel 2024. Per lungo tempo l&#8217;hanno vissuta\u00a0<b>lontana dai riflettori<\/b>, protetta da una discrezione rara per due figure cos\u00ec esposte mediaticamente. Quando il loro legame \u00e8 diventato pubblico, lo \u00e8 stata senza eccessi: poche apparizioni, <b>nessuna ostentazione<\/b>, gesti misurati.  Nel tempo sono arrivati <b>i viaggi insieme<\/b>, il <b>sostegno<\/b> reciproco nei rispettivi percorsi professionali e una <b>presenza costante<\/b>, senza mai sovrapporsi all\u2019identit\u00e0 artistica dell\u2019altro.<\/p>\n<p>    prossimo passo\u2014 \u00a0<\/p>\n<p class=\"paragraph is-inline\" spellcheck=\"true\">Il fidanzamento segna ora una nuova fase. Il fatto che entrambi indossino l\u2019anello rende evidente il senso di <b>una decisione<\/b> presa insieme.  Quei due anelli, uguali nel significato, diventano cos\u00ec il simbolo di una promessa condivisa e di un futuro costruito a due. E quella frase incisa, identica per entrambi, racchiude <b>l\u2019essenza del loro annuncio<\/b>: l\u2019amore come parte fondamentale dell\u2019essere vivi.<\/p>\n<p class=\"is-above-copyright is-mr-r-10\" spellcheck=\"true\">La Gazzetta dello Sport<\/p>\n<p class=\"is-copyright\">\u00a9 RIPRODUZIONE RISERVATA<\/p>\n","protected":false},"excerpt":{"rendered":"La coppia ha confermato il fidanzamento mostrando gli anelli e condividendo una frase incisa all\u2019interno:\u00a0&#8220;La parte migliore dell\u2019essere&hellip;\n","protected":false},"author":3,"featured_media":290174,"comment_status":"","ping_status":"","sticky":false,"template":"","format":"standard","meta":{"footnotes":""},"categories":[1451],"tags":[5413,87,10213,46780,1403,4990,51933,170577,1621,1620,88761,2235,33303,45975,170575,12418,136369,170578,26599,203,3882,9089,10408,170576,56830,204,1537,90,89,53851,50045],"class_list":{"0":"post-290173","1":"post","2":"type-post","3":"status-publish","4":"format-standard","5":"has-post-thumbnail","7":"category-celebrita","8":"tag-accompagnato","9":"tag-amore","10":"tag-anelli","11":"tag-anelli-fidanzamento","12":"tag-anello","13":"tag-bellissimo","14":"tag-cameron","15":"tag-cameron-sposano","16":"tag-celebrita","17":"tag-celebrities","18":"tag-condivisa","19":"tag-coppia","20":"tag-damiano","21":"tag-damiano-david","22":"tag-damiano-david-cameron","23":"tag-david","24":"tag-david-cameron","25":"tag-david-cameron-sposano","26":"tag-dettaglio","27":"tag-entertainment","28":"tag-entro","29":"tag-fidanzamento","30":"tag-frase","31":"tag-frase-incisa","32":"tag-incisa","33":"tag-intrattenimento","34":"tag-it","35":"tag-italia","36":"tag-italy","37":"tag-sposano","38":"tag-vivi"},"share_on_mastodon":{"url":"https:\/\/pubeurope.com\/@it\/115834992896825245","error":""},"_links":{"self":[{"href":"https:\/\/www.europesays.com\/it\/wp-json\/wp\/v2\/posts\/290173","targetHints":{"allow":["GET"]}}],"collection":[{"href":"https:\/\/www.europesays.com\/it\/wp-json\/wp\/v2\/posts"}],"about":[{"href":"https:\/\/www.europesays.com\/it\/wp-json\/wp\/v2\/types\/post"}],"author":[{"embeddable":true,"href":"https:\/\/www.europesays.com\/it\/wp-json\/wp\/v2\/users\/3"}],"replies":[{"embeddable":true,"href":"https:\/\/www.europesays.com\/it\/wp-json\/wp\/v2\/comments?post=290173"}],"version-history":[{"count":0,"href":"https:\/\/www.europesays.com\/it\/wp-json\/wp\/v2\/posts\/290173\/revisions"}],"wp:featuredmedia":[{"embeddable":true,"href":"https:\/\/www.europesays.com\/it\/wp-json\/wp\/v2\/media\/290174"}],"wp:attachment":[{"href":"https:\/\/www.europesays.com\/it\/wp-json\/wp\/v2\/media?parent=290173"}],"wp:term":[{"taxonomy":"category","embeddable":true,"href":"https:\/\/www.europesays.com\/it\/wp-json\/wp\/v2\/categories?post=290173"},{"taxonomy":"post_tag","embeddable":true,"href":"https:\/\/www.europesays.com\/it\/wp-json\/wp\/v2\/tags?post=290173"}],"curies":[{"name":"wp","href":"https:\/\/api.w.org\/{rel}","templated":true}]}}