{"id":290383,"date":"2026-01-04T08:53:14","date_gmt":"2026-01-04T08:53:14","guid":{"rendered":"https:\/\/www.europesays.com\/it\/290383\/"},"modified":"2026-01-04T08:53:14","modified_gmt":"2026-01-04T08:53:14","slug":"amuchina-e-infasil-passano-a-fater-e-diventano-americani","status":"publish","type":"post","link":"https:\/\/www.europesays.com\/it\/290383\/","title":{"rendered":"Amuchina e Infasil passano a Fater e diventano &#8220;americani&#8221;"},"content":{"rendered":"<p>Dal 1\u00b0 gennaio il ramo d\u2019azienda che comprende i marchi <strong>Amuchina<\/strong> e <strong>Infasil<\/strong> si \u00e8 trasferito da Angelini Pharma a <strong>Fater<\/strong>, join venture paritetica tra Angelini Industries e Procter &amp; Gamble. L\u2019operazione riguarda due brand storici del mercato italiano e segna un passaggio rilevante nella strategia industriale del Gruppo Angelini Industries, di cui Fater fa parte. L\u2019intesa \u00e8 stata annunciata congiuntamente dalle due societ\u00e0 e riguarda non solo i marchi, ma anche gli asset e le attivit\u00e0 direttamente connesse alla loro gestione, con l\u2019obiettivo dichiarato di garantire continuit\u00e0 operativa verso il mercato e i clienti.\n<\/p>\n<p>Il trasferimento dei marchi dal 1\u00b0 gennaio<\/p>\n<p>Con l\u2019inizio del nuovo anno, Amuchina e Infasil sono entrati formalmente nel perimetro operativo di Fater. Il passaggio \u00e8 avvenuto attraverso il trasferimento di un <strong>ramo d\u2019azienda<\/strong> da Angelini Pharma, societ\u00e0 farmaceutica internazionale controllata da Angelini Industries.<\/p>\n<p>Secondo quanto precisato in una nota ufficiale, il trasferimento prevede il <strong>pieno coinvolgimento del personale<\/strong> oggi dedicato in modo prevalente alla gestione dei due brand. L\u2019operazione valorizza le competenze e l\u2019esperienza maturate nel tempo e punta a garantire una transizione ordinata, senza impatti sulla presenza dei prodotti sul mercato o sulle relazioni con clienti e distributori.<\/p>\n<p>La continuit\u00e0 operativa e tutela del personale<\/p>\n<p>Uno degli elementi centrali dell\u2019accordo riguarda proprio la <strong>gestione delle risorse umane<\/strong>. Le persone attualmente impegnate sulle attivit\u00e0 legate ad Amuchina e Infasil entreranno a far parte di Fater, assicurando continuit\u00e0 nella conoscenza dei prodotti, dei processi e dei mercati di riferimento.<\/p>\n<p>La scelta risponde all\u2019esigenza di evitare discontinuit\u00e0 operative in un segmento, quello del consumer healthcare, in cui la riconoscibilit\u00e0 del marchio e l\u2019affidabilit\u00e0 percepita dai consumatori giocano un ruolo decisivo. La transizione, secondo le aziende coinvolte, \u00e8 stata strutturata per risultare trasparente e progressiva.<\/p>\n<p>La strategia di Angelini Pharma<\/p>\n<p>Il trasferimento dei due brand si inserisce nella pi\u00f9 ampia strategia di sviluppo globale di Angelini Pharma. La societ\u00e0 ha confermato l\u2019intenzione di mantenere un presidio rilevante nel consumer healthcare, concentrando al tempo stesso investimenti e risorse nella specialty care.<\/p>\n<p>In particolare, l\u2019attenzione strategica \u00e8 rivolta alla <strong>Brain Health<\/strong>, considerata un\u2019area prioritaria di crescita e innovazione. Il passaggio di Amuchina e Infasil a Fater consente ad Angelini Pharma di focalizzarsi su questi ambiti, razionalizzando il portafoglio e rafforzando il posizionamento nelle aree a maggiore specializzazione.<\/p>\n<p>Il ruolo di Fater nel mercato consumer<\/p>\n<p>Fater \u00e8 una joint venture paritetica tra Angelini Industries e Procter &amp; Gamble ed \u00e8 leader nel mercato dei prodotti assorbenti per la persona. Nel corso degli anni ha costruito un ruolo di primo piano anche nel mercato europeo dei prodotti per la cura della casa e dei tessuti.<\/p>\n<p>L\u2019ingresso di Amuchina e Infasil nel suo portafoglio \u00e8 considerato coerente con il modello operativo della societ\u00e0 e con il suo posizionamento nel mercato consumer. I due marchi, gi\u00e0 fortemente riconosciuti dal pubblico, potranno beneficiare delle <strong>competenze industriali e commerciali di Fater<\/strong>, oltre che di una struttura organizzativa dedicata ai beni di largo consumo.<\/p>\n","protected":false},"excerpt":{"rendered":"Dal 1\u00b0 gennaio il ramo d\u2019azienda che comprende i marchi Amuchina e Infasil si \u00e8 trasferito da Angelini&hellip;\n","protected":false},"author":3,"featured_media":290384,"comment_status":"","ping_status":"","sticky":false,"template":"","format":"standard","meta":{"footnotes":""},"categories":[172],"tags":[178,7511,177,1537,90,89],"class_list":{"0":"post-290383","1":"post","2":"type-post","3":"status-publish","4":"format-standard","5":"has-post-thumbnail","7":"category-affari","8":"tag-affari","9":"tag-attualita","10":"tag-business","11":"tag-it","12":"tag-italia","13":"tag-italy"},"share_on_mastodon":{"url":"https:\/\/pubeurope.com\/@it\/115835987753413136","error":""},"_links":{"self":[{"href":"https:\/\/www.europesays.com\/it\/wp-json\/wp\/v2\/posts\/290383","targetHints":{"allow":["GET"]}}],"collection":[{"href":"https:\/\/www.europesays.com\/it\/wp-json\/wp\/v2\/posts"}],"about":[{"href":"https:\/\/www.europesays.com\/it\/wp-json\/wp\/v2\/types\/post"}],"author":[{"embeddable":true,"href":"https:\/\/www.europesays.com\/it\/wp-json\/wp\/v2\/users\/3"}],"replies":[{"embeddable":true,"href":"https:\/\/www.europesays.com\/it\/wp-json\/wp\/v2\/comments?post=290383"}],"version-history":[{"count":0,"href":"https:\/\/www.europesays.com\/it\/wp-json\/wp\/v2\/posts\/290383\/revisions"}],"wp:featuredmedia":[{"embeddable":true,"href":"https:\/\/www.europesays.com\/it\/wp-json\/wp\/v2\/media\/290384"}],"wp:attachment":[{"href":"https:\/\/www.europesays.com\/it\/wp-json\/wp\/v2\/media?parent=290383"}],"wp:term":[{"taxonomy":"category","embeddable":true,"href":"https:\/\/www.europesays.com\/it\/wp-json\/wp\/v2\/categories?post=290383"},{"taxonomy":"post_tag","embeddable":true,"href":"https:\/\/www.europesays.com\/it\/wp-json\/wp\/v2\/tags?post=290383"}],"curies":[{"name":"wp","href":"https:\/\/api.w.org\/{rel}","templated":true}]}}