{"id":29108,"date":"2025-08-05T05:49:11","date_gmt":"2025-08-05T05:49:11","guid":{"rendered":"https:\/\/www.europesays.com\/it\/29108\/"},"modified":"2025-08-05T05:49:11","modified_gmt":"2025-08-05T05:49:11","slug":"motogp-a-brno-altra-doppietta-marc-marquez-la-quinta-di-fila-moto","status":"publish","type":"post","link":"https:\/\/www.europesays.com\/it\/29108\/","title":{"rendered":"MotoGp: a Brno altra doppietta Marc Marquez, la quinta di fila &#8211; Moto"},"content":{"rendered":"<p>La MotoGp va in vacanza dopo 12 gare, una pausa estiva che si concluder\u00e0 in Austria dopo Ferragosto, ma potrebbe anche chiudere e dare appuntamento all&#8217;anno prossimo, perch\u00e8 anche se mancano dieci prove il finale sembra gi\u00e0 scritto. Marc Marquez ha vinto a Brno ed \u00e8 sceso di sella con un vantaggio di 120 punti sul secondo in classifica, il fratello Alex, e di 168 su Francesco Bagnaia, dopo aver messo a segno uno strappo decisivo negli ultimi cinque Gp, ottenendo altrettante doppiette (sprint e gara). Lo spagnolo ha raggiunto una simbiosi totale con la Desmosedici del team ufficiale e lo sta dimostrando in ogni weekend, dove lascia solo le briciole ai rivali, illudendoli inoltre con qualche partenza prudente.<\/p>\n<p>E&#8217; capitato cos\u00ec anche nel Gp della Repubblica Ceca. Marc partiva dalla prima fila a fianco del poleman, Francesco Bagnaia, ma a volare in testa \u00e8 stato Marco Bezzecchi con l&#8217;Aprilia, che era dietro a loro. Il riminese ha tenuto la leadership per met\u00e0 gara, poi Marquez lo ha superato e preso un vantaggio sufficiente per portare a casa la vittoria senza rischiare, mentre sono rimasti a lottare per il terzo posto Pecco Bagnaia e Pedro Acosta, col pilota Ktm che \u00e8 riuscito a salire sul podio, per la prima volta nella stagione, ai danni dell&#8217;italiano.<\/p>\n<p>Ha fatto una buona gara Jorge Martin, settimo al traguardo: il pilota Aprilia, campione del mondo in carica, ha preso i primi punti della stagione dopo diversi mesi di convalescenza. Non ha fatto bottino Alex Marquez, caduto al secondo giro mentre cercava di superare Joan Mir, a sua volta finito a terra senza colpa. Il duello col fratello, che a inizio stagione sembrava essere il leit motiv del campionato, \u00e8 gi\u00e0 un ricordo per il pilota del team Gresini.<\/p>\n<p>&#8220;\u00c8 stata un&#8217;ottima prima met\u00e0 di stagione &#8211; ha detto Marquez senior dopo l&#8217;ottava vittoria stagionale e che ha le mani sul mondiale, che non vince dal 2019 -. Con i test di Aragon abbiamo fatto un grosso passo avanti, con la moto ho un ottimo feeling e da allora stiamo andando molto bene. Arrivare cos\u00ec alla pausa estiva \u00e8 fantastico, ora proveremo a riposarci un poco ma cu sono ancora dieci gare e dall&#8217;Austria dobbiamo ripartire con la stessa intensit\u00e0&#8221;. &#8220;Quando Marc mi ha superato, ho subito capito che aveva qualcosa in pi\u00f9 &#8211; ha sottolineato Bezzecchi, salito al quarto posto della classifica generale, ma ben dietro a Bagnaia-. Ho provato a tenergli testa ma lui stava andando fortissimo&#8221;. Bagnaia dopo la pole position di ieri mattina ha un po&#8217; perso il filo, ma non \u00e8 stata certo tutta colpa sua, come ha ammesso il dg Ducati, Gigi Dall&#8217;Igna a Sky Sport: &#8220;Pecco ha fatto probabilmente il suo pi\u00f9 bel weekend: la pole, una bellissima gara ieri, una bellissima gara anche oggi ma \u00e8 stato sfortunato. Anzi, lo \u00e8 stato per colpa nostra e quindi mi sento veramente questa responsabilit\u00e0&#8221;. La pausa potr\u00e0 aiutare Bagnaia, ma la stagione \u00e8 ormai andata.<\/p>\n<p>                           Brno; classifiche <\/p>\n<p>Ordine d&#8217;arrivo del Gp della Repubblica Ceca, dodicesima prova del Mondiale MotoGp, svoltosi sul circuito di Brno.<\/p>\n<p>1. Marc Marquez (Spa\/Ducati) in 40:04.628 <br \/>2. Marco Bezzecchi (Ita\/Aprilia) a 1.753 <br \/>3. Pedro Acosta (Spa\/KTM) 3.366 <br \/>4. Francesco Bagnaia (Ita\/Ducati) 3.879 <br \/>5. Raul Fernandez (Spa\/Aprilia-Trackhouse) 10.045 <br \/>6. Fabio Quartararo (Fra\/Yamaha) 11.039 <br \/>7. Jorge Mart\u00edn (Spa\/Aprilia) 15.820 <br \/>8. Brad Binder (Rsa\/KTM) 17.371 <br \/>9. Pol Espargao (Spa\/KTM-Tech3) 18.163 <br \/>10.Jack Miller (Aus\/Yamaha-Pramac) 18.669 <br \/>11.Fermin Aldeguer (Spa\/Ducati-Gresini) 19.781 <br \/>12.Luca Marini (Ita\/Honda) 20.778 <br \/>13.Johann Zarco (Fra\/Honda-LCR) 20.961 <br \/>14.Ai Ogura (Gia\/Aprilia-Trackhouse) 21.904 <br \/>15.Alex Rins (Spa\/Yamaha) 22.563 <br \/>16.Fabio Di Giannantonio (Ita\/Ducati-VR46) 24.729 <br \/>17.Miguel Oliveira (Por\/Yamaha-Pramac) 27.640 <br \/>18.Augusto Fernandez (Spa\/Yamaha) 28.310<\/p>\n<p>La classifica del Mondiale piloti: <br \/>1. Marc Marquez (Spa\/Ducati) punti 381 <br \/>2. Alex Marquez (Spa\/Ducati-Gresini) 261 <br \/>3. Francesco Bagnaia (Ita\/Ducati) 213 <br \/>4. Marco Bezzecchi (Ita\/Aprilia) 156 <br \/>5. Fabio Di Giannantonio (Ita\/Ducati-VR46) 142 <br \/>6. Franco Morbidelli (Ita\/Ducati-VR46) 139<br \/>7. Pedro Acosta (Spa\/KTM) 124 <br \/>8. Johann Zarco (Fra\/Honda-LCR) 109 <br \/>9. Fabio Quartararo (Spa\/Yamaha) 102 <br \/>10.Fermin Aldeguer (Spa\/Ducati-Gresini) 97.<\/p>\n<p class=\"article-copyright\">\n<p>Riproduzione riservata \u00a9 Copyright ANSA<\/p>\n","protected":false},"excerpt":{"rendered":"La MotoGp va in vacanza dopo 12 gare, una pausa estiva che si concluder\u00e0 in Austria dopo Ferragosto,&hellip;\n","protected":false},"author":3,"featured_media":29109,"comment_status":"","ping_status":"","sticky":false,"template":"","format":"standard","meta":{"footnotes":"","_share_on_mastodon":"0"},"categories":[1455],"tags":[3437,1833,3438,2360,3371,1537,90,89,2835,3005,1783,1784,1836,16619,28910,16594,987,245,244],"class_list":["post-29108","post","type-post","status-publish","format-standard","has-post-thumbnail","category-moto","tag-aprilia","tag-brno","tag-ducati","tag-francesco-bagnaia","tag-gran-premio","tag-it","tag-italia","tag-italy","tag-marc-marquez","tag-marco-bezzecchi","tag-moto","tag-motorcycle","tag-pedro-acosta","tag-pole-position","tag-posto","tag-repubblica-ceca","tag-roma","tag-sport","tag-sports"],"share_on_mastodon":{"url":"","error":""},"_links":{"self":[{"href":"https:\/\/www.europesays.com\/it\/wp-json\/wp\/v2\/posts\/29108","targetHints":{"allow":["GET"]}}],"collection":[{"href":"https:\/\/www.europesays.com\/it\/wp-json\/wp\/v2\/posts"}],"about":[{"href":"https:\/\/www.europesays.com\/it\/wp-json\/wp\/v2\/types\/post"}],"author":[{"embeddable":true,"href":"https:\/\/www.europesays.com\/it\/wp-json\/wp\/v2\/users\/3"}],"replies":[{"embeddable":true,"href":"https:\/\/www.europesays.com\/it\/wp-json\/wp\/v2\/comments?post=29108"}],"version-history":[{"count":0,"href":"https:\/\/www.europesays.com\/it\/wp-json\/wp\/v2\/posts\/29108\/revisions"}],"wp:featuredmedia":[{"embeddable":true,"href":"https:\/\/www.europesays.com\/it\/wp-json\/wp\/v2\/media\/29109"}],"wp:attachment":[{"href":"https:\/\/www.europesays.com\/it\/wp-json\/wp\/v2\/media?parent=29108"}],"wp:term":[{"taxonomy":"category","embeddable":true,"href":"https:\/\/www.europesays.com\/it\/wp-json\/wp\/v2\/categories?post=29108"},{"taxonomy":"post_tag","embeddable":true,"href":"https:\/\/www.europesays.com\/it\/wp-json\/wp\/v2\/tags?post=29108"}],"curies":[{"name":"wp","href":"https:\/\/api.w.org\/{rel}","templated":true}]}}