{"id":291134,"date":"2026-01-04T20:20:13","date_gmt":"2026-01-04T20:20:13","guid":{"rendered":"https:\/\/www.europesays.com\/it\/291134\/"},"modified":"2026-01-04T20:20:13","modified_gmt":"2026-01-04T20:20:13","slug":"del-cucina-con-la-padovani-problemi-nella-programmazione-andro-alla-hoppla","status":"publish","type":"post","link":"https:\/\/www.europesays.com\/it\/291134\/","title":{"rendered":"Del Cucina: \u00abCon la Padovani problemi nella programmazione, andr\u00f2 alla Hoppl\u00e0\u00bb"},"content":{"rendered":"<p><a href=\"https:\/\/www.quibicisport.it\/wp-content\/uploads\/2026\/01\/DelCucina-Lunigiana.jpg\" data-caption=\"Riccardo Del Cucina nel 2025 ha ottenuto diversi risultati rilevanti tra gli Juniores, tra cui un terzo posto nella prima tappa del Giro della Lunigiana (credit: Ptzphotolab).\" rel=\"nofollow noopener\" target=\"_blank\"><img loading=\"lazy\" decoding=\"async\" data-lazyloaded=\"1\" width=\"696\" height=\"504\" class=\"entry-thumb td-modal-image\" src=\"https:\/\/www.europesays.com\/it\/wp-content\/uploads\/2026\/01\/DelCucina-Lunigiana-696x504.jpg\"  data- alt=\"Del Cucina\" title=\"DelCucina-Lunigiana\"\/><\/a>Riccardo Del Cucina nel 2025 ha ottenuto diversi risultati rilevanti tra gli Juniores, tra cui un terzo posto nella prima tappa del Giro della Lunigiana (credit: Ptzphotolab).<br \/>\nTempo di lettura:   &lt; 1 minuto<\/p>\n<p>A dicembre inoltrato, con molta pi\u00f9 fatica e con molti pi\u00f9 intoppi del previsto, <strong>Riccardo Del Cucina<\/strong> ha finalmente trovato la squadra con cui affronter\u00e0 in questo 2026 la sua prima stagione da Under 23: il <strong>Team Hoppl\u00e0<\/strong>.\u00a0Il classe 2007, dopo aver trascorso qualche giorno con la <strong>Tudor<\/strong> in estate, aveva poi scelto di respingere il corteggiamento della formazione svizzera e di firmare con la <strong>Padovani<\/strong>; poi, subito prima di Natale, <strong>l\u2019improvvisa rescissione del contratto<\/strong> per \u201cmancanza di sintonia negli obiettivi e nelle modalit\u00e0 di raggiungimento degli stessi\u201d.<\/p>\n<p>\u00abLa rottura con la Padovani \u00e8 stata improvvisa: ci siamo incontrati per chiarire alcuni aspetti, non ci siamo trovati d\u2019accordo e abbiamo deciso di comune accordo di interrompere il percorso prima possibile, soprattutto per il mio bene\u00bb, racconta <strong>Del Cucina<\/strong> dalla Spagna, dove si sta allenando in attesa di riunirsi con i suoi nuovi compagni di squadra. \u00ab\u00c8 stata una decisione non facile, ma obbligatoria per la mia serenit\u00e0\u00bb.<\/p>\n<p>Ma quali sono <strong>gli aspetti oggetto di discussione<\/strong>? \u00abVolevo pi\u00f9 flessibilit\u00e0 nella programmazione della stagione. Non \u00e8 tanto una questione di calendario, ma di pianificazione dei periodi di forma e di stacco: non puoi programmare una stagione Under 23 come una stagione Juniores e pensare di correre per vincere ogni domenica\u00bb.<\/p>\n<p><strong>Del Cucina, quindi, correr\u00e0 con la Hoppl\u00e0<\/strong>: \u00abHo gi\u00e0 parlato con Stefano Roncalli e credo di aver finalmente trovato l\u2019ambiente pi\u00f9 adatto a me. Ritrovare la serenit\u00e0 \u00e8 gi\u00e0 un passo importantissimo: gi\u00e0 ho qualche problema fisico che mi porto dietro dall\u2019anno scorso, cominciare il 2026 non al massimo dal punto di vista mentale sarebbe stato controproducente. Alla Hoppl\u00e0 lavora anche il mio preparatore, Giuliano Peruzzi, per cui sono convinto che con la programmazione non ci saranno problemi\u00bb.<\/p>\n","protected":false},"excerpt":{"rendered":"Riccardo Del Cucina nel 2025 ha ottenuto diversi risultati rilevanti tra gli Juniores, tra cui un terzo posto&hellip;\n","protected":false},"author":3,"featured_media":291135,"comment_status":"","ping_status":"","sticky":false,"template":"","format":"standard","meta":{"footnotes":""},"categories":[1456],"tags":[1824,1825,1537,90,89,245,244],"class_list":{"0":"post-291134","1":"post","2":"type-post","3":"status-publish","4":"format-standard","5":"has-post-thumbnail","7":"category-ciclismo","8":"tag-ciclismo","9":"tag-cycling","10":"tag-it","11":"tag-italia","12":"tag-italy","13":"tag-sport","14":"tag-sports"},"share_on_mastodon":{"url":"https:\/\/pubeurope.com\/@it\/115838689130742786","error":""},"_links":{"self":[{"href":"https:\/\/www.europesays.com\/it\/wp-json\/wp\/v2\/posts\/291134","targetHints":{"allow":["GET"]}}],"collection":[{"href":"https:\/\/www.europesays.com\/it\/wp-json\/wp\/v2\/posts"}],"about":[{"href":"https:\/\/www.europesays.com\/it\/wp-json\/wp\/v2\/types\/post"}],"author":[{"embeddable":true,"href":"https:\/\/www.europesays.com\/it\/wp-json\/wp\/v2\/users\/3"}],"replies":[{"embeddable":true,"href":"https:\/\/www.europesays.com\/it\/wp-json\/wp\/v2\/comments?post=291134"}],"version-history":[{"count":0,"href":"https:\/\/www.europesays.com\/it\/wp-json\/wp\/v2\/posts\/291134\/revisions"}],"wp:featuredmedia":[{"embeddable":true,"href":"https:\/\/www.europesays.com\/it\/wp-json\/wp\/v2\/media\/291135"}],"wp:attachment":[{"href":"https:\/\/www.europesays.com\/it\/wp-json\/wp\/v2\/media?parent=291134"}],"wp:term":[{"taxonomy":"category","embeddable":true,"href":"https:\/\/www.europesays.com\/it\/wp-json\/wp\/v2\/categories?post=291134"},{"taxonomy":"post_tag","embeddable":true,"href":"https:\/\/www.europesays.com\/it\/wp-json\/wp\/v2\/tags?post=291134"}],"curies":[{"name":"wp","href":"https:\/\/api.w.org\/{rel}","templated":true}]}}