{"id":291574,"date":"2026-01-05T04:03:10","date_gmt":"2026-01-05T04:03:10","guid":{"rendered":"https:\/\/www.europesays.com\/it\/291574\/"},"modified":"2026-01-05T04:03:10","modified_gmt":"2026-01-05T04:03:10","slug":"marchetti-cancelo-linter-ha-spiegato-lurgenza-lofferta-per-frattesi","status":"publish","type":"post","link":"https:\/\/www.europesays.com\/it\/291574\/","title":{"rendered":"Marchetti: &#8220;Cancelo, l&#8217;Inter ha spiegato l&#8217;urgenza. L&#8217;offerta per Frattesi&#8230;&#8221;"},"content":{"rendered":"<p>Punto di mercato al Club sulle possibili operazioni in entrata e in uscita del club nerazzurro nel mercato di gennaio<\/p>\n<p>Luca Marchetti, su Skysport, ha parlato del mercato dell&#8217;Inter e si \u00e8 parlato delle opzioni di mercato per la destra. \u00abL&#8217;opzione dell&#8217;Inter ad oggi \u00e8 unicamente Cancelo. Lui vuole andare via dall&#8217;Al-Hilal, guadagna tantissimo, 18 mln netti all&#8217;anno. Il calciatore ha anche la stima del Barcellona che il giocatore preferisce. Il club nerazzurro gli ha anche fatto capire che c&#8217;\u00e8 una certa urgenza. Se si fa l&#8217;operazione si fa con uno scambio: Acerbi o de Vrij\u00bb, ha sottolineato il giornalista.<\/p>\n<p>&#8220;E potrebbe tra l&#8217;altro incassare dalla cessione di Frattesi. Il calciatore nerazzurro piace al Galatasaray: l&#8217;offerta per la societ\u00e0 nerazzurra \u00e8 di cinque pi\u00f9 trenta mln di obbligo. Il ragazzo \u00e8 pronto ad andare al club turco e andrebbe a guadagnare di pi\u00f9 nel campionato turco. La Juve a quelle cifre farebbe difficolt\u00e0&#8221;, ha sottolineato l&#8217;esperto di mercato.<\/p>\n<p class=\"is-copyright\">\u00a9 RIPRODUZIONE RISERVATA<\/p>\n","protected":false},"excerpt":{"rendered":"Punto di mercato al Club sulle possibili operazioni in entrata e in uscita del club nerazzurro nel mercato&hellip;\n","protected":false},"author":3,"featured_media":291575,"comment_status":"","ping_status":"","sticky":false,"template":"","format":"standard","meta":{"footnotes":"","_share_on_mastodon":"0"},"categories":[1452],"tags":[32,2281,721,134168,554,8759,1740,15049,350,1537,90,89,19154,1412,8391,8392,1739,245,244],"class_list":["post-291574","post","type-post","status-publish","format-standard","has-post-thumbnail","category-calcio","tag-andare","tag-calciatore","tag-calcio","tag-cancelo","tag-club","tag-club-nerazzurro","tag-football","tag-frattesi","tag-inter","tag-it","tag-italia","tag-italy","tag-marchetti","tag-mercato","tag-mln","tag-nerazzurro","tag-soccer","tag-sport","tag-sports"],"share_on_mastodon":{"url":"https:\/\/pubeurope.com\/@it\/115840509745624956","error":""},"_links":{"self":[{"href":"https:\/\/www.europesays.com\/it\/wp-json\/wp\/v2\/posts\/291574","targetHints":{"allow":["GET"]}}],"collection":[{"href":"https:\/\/www.europesays.com\/it\/wp-json\/wp\/v2\/posts"}],"about":[{"href":"https:\/\/www.europesays.com\/it\/wp-json\/wp\/v2\/types\/post"}],"author":[{"embeddable":true,"href":"https:\/\/www.europesays.com\/it\/wp-json\/wp\/v2\/users\/3"}],"replies":[{"embeddable":true,"href":"https:\/\/www.europesays.com\/it\/wp-json\/wp\/v2\/comments?post=291574"}],"version-history":[{"count":0,"href":"https:\/\/www.europesays.com\/it\/wp-json\/wp\/v2\/posts\/291574\/revisions"}],"wp:featuredmedia":[{"embeddable":true,"href":"https:\/\/www.europesays.com\/it\/wp-json\/wp\/v2\/media\/291575"}],"wp:attachment":[{"href":"https:\/\/www.europesays.com\/it\/wp-json\/wp\/v2\/media?parent=291574"}],"wp:term":[{"taxonomy":"category","embeddable":true,"href":"https:\/\/www.europesays.com\/it\/wp-json\/wp\/v2\/categories?post=291574"},{"taxonomy":"post_tag","embeddable":true,"href":"https:\/\/www.europesays.com\/it\/wp-json\/wp\/v2\/tags?post=291574"}],"curies":[{"name":"wp","href":"https:\/\/api.w.org\/{rel}","templated":true}]}}