{"id":291717,"date":"2026-01-05T07:25:09","date_gmt":"2026-01-05T07:25:09","guid":{"rendered":"https:\/\/www.europesays.com\/it\/291717\/"},"modified":"2026-01-05T07:25:09","modified_gmt":"2026-01-05T07:25:09","slug":"strade-chiuse-allagamenti-e-alberi-caduti-tutte-le-informazioni","status":"publish","type":"post","link":"https:\/\/www.europesays.com\/it\/291717\/","title":{"rendered":"strade chiuse, allagamenti e alberi caduti. Tutte le informazioni"},"content":{"rendered":"<p>Ancora <a href=\"https:\/\/www.romatoday.it\/cronaca\/temporale-oggi-roma-4-gennaio-2026.html\" rel=\"nofollow noopener\" target=\"_blank\">maltempo a Roma e provincia<\/a>. Anche per la giornata di oggi &#8211; luned\u00ec 5 gennaio &#8211; le previsioni \u00a0meteorologiche prevedono nel corso di tutta la giornata precipitazioni da sparse a diffuse, anche a carattere di rovescio. Un fine settimana complicato quello appena concluso nella Capitale con i soccorritori che hanno risposto a centinaia di interventi in tutta la citt\u00e0 per allagamenti, rami e alberi caduti. In serata un <a href=\"https:\/\/www.romatoday.it\/cronaca\/albero-caduto-colosseo-fori-imperiali-4-gennaio-2026.html\" rel=\"nofollow noopener\" target=\"_blank\">grosso pino \u00e8 crollato <\/a>in pieno Centro Storico, nella zona del Colosseo. La pianta \u00e8 venuta gi\u00f9 in via dei Fori Imperiali, all&#8217;altezza di via del Tempio della Pace e solo per una casualit\u00e0 non ha colpito n\u00e9 persone n\u00e9 mezzi in transito. Brutto tempo che sta interessando anche i comuni della provincia romana. A Fiumicino \u00e8 stata annullato l\u2019evento dedicato alla Befana Isolana, in programma per oggi &#8211; luned\u00ec 5 gennaio &#8211; organizzato dall&#8217;Associazione Agro di Isola Sacra e patrocinato dal Comune di Fiumicino &#8220;a causa delle avverse condizioni meteorologiche&#8221;.<\/p>\n<p>Chiuse le banchine del Tevere<\/p>\n<p>Preoccupazione per i livelli dei fiumi che attraversano il territorio, in particolare nel centro urbano di Roma dove la protezione civile ha disposto la <a href=\"https:\/\/www.romatoday.it\/cronaca\/chiusura-banchine-tevere.html\" rel=\"nofollow noopener\" target=\"_blank\">chiusura degli accessi alle banchine<\/a> del Tevere nel tratto urbano con il provvedimento che rester\u00e0 in vigore fino a cessate esigenze. Inoltre, a scopo precauzionale, i responsabili di manifestazioni temporanee e le compagnie di navigazione sono tenuti a sospendere le attivit\u00e0 di imbarco e ricezione dell\u2019utenza fino a nuovo ordine. L\u2019intervento mira a garantire la massima sicurezza delle persone e la prevenzione di eventuali rischi legati all\u2019esondazione.<\/p>\n<p>Interrotta la linea ferroviaria<\/p>\n<p>Danni da maltempo anche sulla rete ferroviaria. Da stanotte alle 3:30, come comunicano da Rfi: \u201cSulla linea Roma &#8211; Velletri\/Albano\/Frascati, dalle ore 3:30, la <a href=\"https:\/\/www.romatoday.it\/cronaca\/blocco-treni-roma-velletri-5-gennaio-2026.html\" rel=\"nofollow noopener\" target=\"_blank\">circolazione ferroviaria \u00e8 sospesa<\/a> a causa delle avverse condizioni meteorologiche che stanno interessando la zona e che hanno provocato l&#8217;allagamento della sede ferroviaria nei pressi di Ciampino\u201d.\u00a0<\/p>\n<p>Strade allagate e avvallamenti<\/p>\n<p>Il pino caduto all&#8217;altezza del punto informativo e turistico del Colosseo segue altre centinaia di interventi che hanno visto e vedono ancora impegnati i soccorritori. Nella notte \u00e8 stata disposta la chiusura della via Appia &#8211; causa allagamento &#8211; nel tratto compreso tra l&#8217;incrocio Ciampino &#8211; SS217 Via Dei Laghi (Km 13,7) e l&#8217;incrocio Frattocchie &#8211; SS140 Del Lago Di Albano (Km 18,5) in entrambe le direzioni. Stesso copione sulle grandi arterie stradali, dove nella notte si \u00e8 allagato anche un tratto di Grande raccordo anulare, all&#8217;altezza dello svincolo Appia-Aurelia. Chiusa per allagamento da domenica anche via Carlo Balisse, nel tratto compreso tra via Giuseppe Chiovenda e via Oronzo Quarta e &#8211; causa avvallamento &#8211; via Roberto Malatesta &#8211; altezza via Erasmo Gattamelata.<\/p>\n<p>Centinaia di interventi<\/p>\n<p>Nella sola giornata di domenica la polizia locale di Roma Capitale \u00e8 stata impegnata in diverse zone del territorio per garantire la sicurezza e la viabilit\u00e0. Chiusure stradali temporanee e rilievo di incidenti stradali. Nel III municipio Montesacro \u00e8 esondato un torrente in via Lello Maddaleno, che ha reso necessaria la chiusura del ponte di accesso al quartiere di Bel Poggio. Ulteriori interventi di rilievo nelle ultime ore hanno visto impegnate le pattuglie in chiusure provvisorie o restringimenti di carreggiata per motivi di sicurezza, a causa di allagamenti o caduta di rami. Tra queste, via Collatina, nel tratto compreso tra via Emilio Longoni e via Giovanni Capranesi, via Carlo Calisse, viale Jonio, via della Bufalotta, in corrispondenza di via Casal Boccone.<\/p>\n<p>Allerta meteo 5 gennaio<\/p>\n<p>Previsioni meteo che anche per oggi non danno nulla di buono. Come comunicato a seguito dell&#8217;Allertamento del Sistema di Protezione Civile Regionale, anche per oggi si prevedono sul Lazio precipitazioni da sparse a diffuse, anche a carattere di rovescio, con quantitativi cumulati generalmente moderati. Come scrivono gli esperti di <a href=\"https:\/\/www.3bmeteo.com\/meteo\/roma\" rel=\"nofollow noopener\" target=\"_blank\">3Bmeteo<\/a>: &#8220;A Roma oggi cieli molto nuvolosi o coperti con piogge e rovesci anche temporaleschi. in serata attenuazione dei fenomeni, sono previsti 23mm di pioggia nelle prossime ore. Durante la giornata di oggi la temperatura massima registrata sar\u00e0 di 13\u00b0C, la minima di 8\u00b0C, lo zero termico si attester\u00e0 a 2068m. I venti saranno al mattino deboli e proverranno da est-nordest, al pomeriggio moderati e proverranno da est-sudest. Allerte meteo previste: pioggia&#8221;.<\/p>\n","protected":false},"excerpt":{"rendered":"Ancora maltempo a Roma e provincia. Anche per la giornata di oggi &#8211; luned\u00ec 5 gennaio &#8211; le&hellip;\n","protected":false},"author":3,"featured_media":291718,"comment_status":"","ping_status":"","sticky":false,"template":"","format":"standard","meta":{"footnotes":""},"categories":[79],"tags":[14,93,94,1537,90,89,437,7,15,103,11,84,91,12,85,92],"class_list":{"0":"post-291717","1":"post","2":"type-post","3":"status-publish","4":"format-standard","5":"has-post-thumbnail","7":"category-italia","8":"tag-cronaca","9":"tag-cronaca-italiana","10":"tag-cronacaitaliana","11":"tag-it","12":"tag-italia","13":"tag-italy","14":"tag-maltempo","15":"tag-news","16":"tag-notizie","17":"tag-temporali","18":"tag-ultime-notizie","19":"tag-ultime-notizie-e-news-di-oggi","20":"tag-ultime-notizie-italia","21":"tag-ultimenotizie","22":"tag-ultimenotizieenewsdioggi","23":"tag-ultimenotizieitalia"},"share_on_mastodon":{"url":"https:\/\/pubeurope.com\/@it\/115841304007756808","error":""},"_links":{"self":[{"href":"https:\/\/www.europesays.com\/it\/wp-json\/wp\/v2\/posts\/291717","targetHints":{"allow":["GET"]}}],"collection":[{"href":"https:\/\/www.europesays.com\/it\/wp-json\/wp\/v2\/posts"}],"about":[{"href":"https:\/\/www.europesays.com\/it\/wp-json\/wp\/v2\/types\/post"}],"author":[{"embeddable":true,"href":"https:\/\/www.europesays.com\/it\/wp-json\/wp\/v2\/users\/3"}],"replies":[{"embeddable":true,"href":"https:\/\/www.europesays.com\/it\/wp-json\/wp\/v2\/comments?post=291717"}],"version-history":[{"count":0,"href":"https:\/\/www.europesays.com\/it\/wp-json\/wp\/v2\/posts\/291717\/revisions"}],"wp:featuredmedia":[{"embeddable":true,"href":"https:\/\/www.europesays.com\/it\/wp-json\/wp\/v2\/media\/291718"}],"wp:attachment":[{"href":"https:\/\/www.europesays.com\/it\/wp-json\/wp\/v2\/media?parent=291717"}],"wp:term":[{"taxonomy":"category","embeddable":true,"href":"https:\/\/www.europesays.com\/it\/wp-json\/wp\/v2\/categories?post=291717"},{"taxonomy":"post_tag","embeddable":true,"href":"https:\/\/www.europesays.com\/it\/wp-json\/wp\/v2\/tags?post=291717"}],"curies":[{"name":"wp","href":"https:\/\/api.w.org\/{rel}","templated":true}]}}