{"id":291719,"date":"2026-01-05T07:26:17","date_gmt":"2026-01-05T07:26:17","guid":{"rendered":"https:\/\/www.europesays.com\/it\/291719\/"},"modified":"2026-01-05T07:26:17","modified_gmt":"2026-01-05T07:26:17","slug":"iva-sulla-tari-e-cassonetti-ancora-presenti-in-alcuni-condomini-soresi-fdi-vuole-chiarimenti","status":"publish","type":"post","link":"https:\/\/www.europesays.com\/it\/291719\/","title":{"rendered":"Iva sulla Tari e cassonetti ancora presenti in alcuni condomini, Soresi (Fdi) vuole chiarimenti"},"content":{"rendered":"<p>\u00abIl sistema di tariffazione puntuale sta creando nuove perplessit\u00e0 tra i cittadini. In questi giorni, infatti, sono emersi altri dubbi derivanti dalla sua applicazione \u201ca macchie di leopardo\u201d e dall\u2019applicazione dell\u2019Iva al 10%, prima non prevista\u00bb. Cosi Sara Soresi, capogruppo di Fratelli d\u2019Italia in Consiglio Comunale, che ha depositato un\u2019interrogazione a risposta scritta per ottenere riscontro su alcune criticit\u00e0 sollevate da tanti cittadini.<br \/>\u00abHo depositato un\u2019interrogazione \u2013 afferma Soresi \u2013 che affronta due tematiche distinte ma strettamente collegate all\u2019avvio, dal 1\u00b0 gennaio, del nuovo sistema di tariffazione puntuale dei rifiuti a Piacenza. Il primo tema riguarda l\u2019effettiva applicazione della tariffazione puntuale sul territorio. In alcune zone della citt\u00e0, in particolare nei condomini di edilizia residenziale pubblica in zona Farnesiana \u2013 tra cui via Buozzi, via Radini Tedeschi ed aree limitrofe \u2013 sono ancora presenti i tradizionali bidoni condominiali, cio\u00e8 quelli che erano presenti prima dell\u2019avvio della sperimentazione della raccolta puntuale. Una situazione che genera confusione e solleva alcuni interrogativi: come pu\u00f2 dirsi \u201cpuntuale\u201d una tariffa se il conferimento non \u00e8 individuale e tracciabile? Come sar\u00e0 concretamente applicata la tariffazione puntuale ai residenti di questi condomini?\u00bb<\/p>\n<p>\u00abIl secondo tema \u2013 prosegue la capogruppo \u2013 riguarda l\u2019Iva che, a far data dal primo gennaio, sar\u00e0 applicata in bolletta al 10%. Iva che, con la Tari, non era applicata in quanto tributo. Ci\u00f2 che ha sollevato non pochi dubbi \u00e8 stata la dichiarazione pubblica del vicesindaco, secondo cui l\u2019Iva sarebbe gi\u00e0 stata inclusa nella Tari e che, semplicemente, dal primo gennaio sarebbe \u201cscorporata\u201d\u00bb.<\/p>\n<p>\u00abTuttavia \u2013 osserva l\u2019esponente di Fratelli d\u2019Italia \u2013 la Tari \u00e8 un tributo e, secondo giurisprudenza costante, i tributi non sono soggetti ad Iva. Lo ha recentemente ricordato anche un esponente della stessa maggioranza, chiarendo che parlare di Iva \u201cincorporata\u201d nella Tari \u00e8 giuridicamente scorretto. Addirittura il post pubblico \u00e8 stato condiviso da Samuele Raggi, presidente di Iren Ambiente Piacenza\u00bb.<\/p>\n<p>\u00abTra l\u2019altro \u2013 conclude la capogruppo \u2013 se quanto affermato dal Vicesindaco corrispondesse al vero, i cittadini \u2013 secondo giurisprudenza consolidata \u2013 addirittura potrebbero pretendere la restituzione dell\u2019Iva indebitamente versata\u00bb.<\/p>\n<p>Per questi motivi Soresi ha chiesto all\u2019Amministrazione di chiarire per quali motivi, in alcune aree della citt\u00e0 ed in particolare nei condomini Erp della zona Farnesiana, siano ancora presenti i bidoni condominiali, nonostante l\u2019avvio della tariffazione puntuale e come sar\u00e0 concretamente applicata la tariffazione puntuale ai residenti di questi condomini nonch\u00e9 quali criteri di calcolo verranno adottati in assenza di un conferimento individuale tracciabile.<br \/>In riferimento, invece, alla questione Iva, Soresi domanda se l\u2019Amministrazione confermi le dichiarazioni del vicesindaco, secondo cui la Tari avrebbe gi\u00e0 incluso l\u2019Iva. Qualora la risposta fosse affermativa, la capogruppo chiede se l\u2019Amministrazione intenda informare i cittadini circa l\u2019eventuale diritto alla restituzione dell\u2019Iva indebitamente versata in passato. Infine, chiede se l\u2019Iva al 10% sar\u00e0 applicata direttamente in bolletta con la nuova tariffa e se ci\u00f2 comporter\u00e0 un incremento effettivo dell\u2019importo finale rispetto alla Tari e, in caso negativo, quale sia la motivazione, considerando che in precedenza l\u2019Iva al 10% non veniva pagata direttamente dal contribuente.<\/p>\n","protected":false},"excerpt":{"rendered":"\u00abIl sistema di tariffazione puntuale sta creando nuove perplessit\u00e0 tra i cittadini. In questi giorni, infatti, sono emersi&hellip;\n","protected":false},"author":3,"featured_media":291720,"comment_status":"","ping_status":"","sticky":false,"template":"","format":"standard","meta":{"footnotes":"","_share_on_mastodon":"0"},"categories":[6],"tags":[14,8,1537,90,89,7,15,82,9,83,10,49946,14659,13,11,80,84,12,81,85],"class_list":["post-291719","post","type-post","status-publish","format-standard","has-post-thumbnail","category-ultime-notizie","tag-cronaca","tag-headlines","tag-it","tag-italia","tag-italy","tag-news","tag-notizie","tag-notizie-di-cronaca","tag-notizie-principali","tag-notiziedicronaca","tag-notizieprincipali","tag-raccolta-differenziata","tag-rifiuti","tag-titoli","tag-ultime-notizie","tag-ultime-notizie-di-cronaca","tag-ultime-notizie-e-news-di-oggi","tag-ultimenotizie","tag-ultimenotiziedicronaca","tag-ultimenotizieenewsdioggi"],"share_on_mastodon":{"url":"https:\/\/pubeurope.com\/@it\/115841307935020598","error":""},"_links":{"self":[{"href":"https:\/\/www.europesays.com\/it\/wp-json\/wp\/v2\/posts\/291719","targetHints":{"allow":["GET"]}}],"collection":[{"href":"https:\/\/www.europesays.com\/it\/wp-json\/wp\/v2\/posts"}],"about":[{"href":"https:\/\/www.europesays.com\/it\/wp-json\/wp\/v2\/types\/post"}],"author":[{"embeddable":true,"href":"https:\/\/www.europesays.com\/it\/wp-json\/wp\/v2\/users\/3"}],"replies":[{"embeddable":true,"href":"https:\/\/www.europesays.com\/it\/wp-json\/wp\/v2\/comments?post=291719"}],"version-history":[{"count":0,"href":"https:\/\/www.europesays.com\/it\/wp-json\/wp\/v2\/posts\/291719\/revisions"}],"wp:featuredmedia":[{"embeddable":true,"href":"https:\/\/www.europesays.com\/it\/wp-json\/wp\/v2\/media\/291720"}],"wp:attachment":[{"href":"https:\/\/www.europesays.com\/it\/wp-json\/wp\/v2\/media?parent=291719"}],"wp:term":[{"taxonomy":"category","embeddable":true,"href":"https:\/\/www.europesays.com\/it\/wp-json\/wp\/v2\/categories?post=291719"},{"taxonomy":"post_tag","embeddable":true,"href":"https:\/\/www.europesays.com\/it\/wp-json\/wp\/v2\/tags?post=291719"}],"curies":[{"name":"wp","href":"https:\/\/api.w.org\/{rel}","templated":true}]}}