{"id":291743,"date":"2026-01-05T07:51:08","date_gmt":"2026-01-05T07:51:08","guid":{"rendered":"https:\/\/www.europesays.com\/it\/291743\/"},"modified":"2026-01-05T07:51:08","modified_gmt":"2026-01-05T07:51:08","slug":"chi-e-delcy-rodriguez-lex-vice-di-maduro-che-prova-a-resistere-a-trump-difenderemo-il-paese","status":"publish","type":"post","link":"https:\/\/www.europesays.com\/it\/291743\/","title":{"rendered":"Chi \u00e8 Delcy Rodriguez, l&#8217;ex vice di Maduro che prova a resistere a Trump: \u00abDifenderemo il Paese\u00bb"},"content":{"rendered":"<p>    di<br \/>\n    Sara Gandolfi, inviata a Bogot\u00e0<\/p>\n<p class=\"summary-art is-line-h-12\">A sorpresa la neo presidente ad interim, volto moderato del regime chavista  e prima donna a guidare il Paese, mostra di voler  resistere agli americani, spalleggiata dalle forze armate<\/p>\n<p class=\"chapter-paragraph\">DALLA NOSTRA INVIATA<br \/>BOGOT\u00c0 &#8211; \u00c8 durata davvero poco la luna di miele fra Donald Trump e la neopresidente ad interim del Venezuela, <b>Delcy Rodr\u00edguez<\/b>. \u00abSe non fa ci\u00f2 che \u00e8 giusto, pagher\u00e0 un prezzo molto alto, probabilmente pi\u00f9 alto di quello di Maduro\u00bb.  In un\u2019intervista  con The Atlantic, ieri mattina, Donald Trump  ha reagito cos\u00ec  al gran rifiuto della donna che aveva  prescelto per guidare<b> la transizione verso un nuovo governo <\/b>(o, forse, un protettorato Usa) nel Paese sudamericano.\u00a0<\/p>\n<p class=\"chapter-paragraph\">L\u2019avvocata ed <b><a href=\"https:\/\/www.corriere.it\/esteri\/26_gennaio_04\/maduro-moglie-cella-carcere-brooklyn-e0772115-e33d-47a3-af3d-5ac5502daxlk.shtml\" target=\"_blank\" rel=\"nofollow noopener\">ex vice di Maduro<\/a><\/b>, cui la Corte Suprema venezuelana ha affidato \u00abtutti i poteri, i doveri e le facolt\u00e0\u00bb necessari  \u00aba garantire la continuit\u00e0 amministrativa e la difesa integrale della nazione\u00bb, ha puntato i piedi e, almeno per ora,<b> ha respinto l\u2019\u00abofferta\u00bb dell\u2019amministrazione Trump<\/b> che si era detta  disposta a collaborare con l\u2019attuale governo di Caracas a patto che fossero raggiunti gli obiettivi di Washington, primo fra tutti  <b>l\u2019apertura  agli investimenti statunitensi<\/b> sulle vaste riserve petrolifere del Venezuela.\u00a0    &#13;<br \/>\n&#13;<br \/>\n&#13;<br \/>\n&#13;<br \/>\n&#13;<br \/>\n&#13;<br \/>\n&#13;<br \/>\n&#13;<br \/>\n&#13;<br \/>\n&#13;<br \/>\n&#13;<br \/>\n&#13;<br \/>\n&#13;<br \/>\n&#13;<br \/>\n&#13;<br \/>\n&#13;<br \/>\n&#13;<br \/>\n&#13;<br \/>\n&#13;<br \/>\n&#13;<br \/>\n&#13;<br \/>\n&#13;<br \/>\n&#13;<br \/>\n&#13;<br \/>\n&#13;<br \/>\n&#13;<br \/>\n&#13;<br \/>\n&#13;<br \/>\n&#13;<br \/>\n&#13;<br \/>\n&#13;<br \/>\n&#13;<br \/>\n&#13;<br \/>\n&#13;<br \/>\n&#13;<br \/>\n&#13;<br \/>\n&#13;<br \/>\n&#13;<br \/>\n&#13;<br \/>\n&#13;<br \/>\n&#13;<br \/>\n&#13;<br \/>\n&#13;<br \/>\n&#13;<br \/>\n&#13;<br \/>\n&#13;<br \/>\n&#13;<br \/>\n&#13;<br \/>\n&#13;<br \/>\n&#13;<br \/>\n&#13;<br \/>\n&#13;<br \/>\n&#13;\n<\/p>\n<p class=\"chapter-paragraph\">A sorpresa, dopo la telefonata di sabato con il segretario di Stato Marco Rubio, Rodr\u00edguez ha  affermato che <b>Maduro \u00e8 l\u2019unico leader legittimo del Venezuela <\/b>e ne ha chiesto l\u2019immediata liberazione. \u00abSiamo pronti a difendere le nostre risorse naturali\u00bb, ha detto la neo-leader, durante una seduta del Consiglio di difesa trasmesso alla Tv nazionale,  spalleggiata dagli alti comandi delle forze armate e dal potente ministro dell\u2019Interno <b>Diosdado Cabello<\/b>, che le hanno giurato fedelt\u00e0.\u00a0<\/p>\n<p class=\"chapter-paragraph\">Il patto civico-militare che ha dominato per decenni il Venezuela pare dunque voler sopravvivere alla spallata americana. E si affida a questa  minuta cinquantaseienne, <b>il volto  moderato del regime chavista <\/b>e la prima donna a guidare il Paese (un incarico che la leader dell\u2019opposizione Mar\u00eda Corina Machado immaginava presto suo).\u00a0<\/p>\n<p>APPROFONDISCI CON IL PODCAST<\/p>\n<p class=\"chapter-paragraph\">Il suo ingresso in politica \u00e8 strettamente collegato alla tragica fine del padre,  il <b>fondatore della Lega Socialista Jorge Antonio Rodr\u00edguez,<\/b> morto nel luglio del 1976 per le gravi lesioni riportate durante le torture  da parte dell\u2019ex polizia politica del Venezuela. Un \u00abmartire\u00bb della storiografia chavista. Laureata in legge all\u2019Universidad Central del Venezuela,  Rodr\u00edguez ha proseguito gli studi all\u2019estero, tra Parigi e Londra per poi rientrare a Caracas e <b>mettersi al servizio della Rivoluzione Bolivariana<\/b>, prima come diplomatica e poi come ministra, sotto le presidenze di Hugo Ch\u00e1vez e di  Maduro.\u00a0<\/p>\n<p class=\"chapter-paragraph\">A lei quest\u2019ultimo ha affidato  la missione pi\u00f9 delicata. Secondo indiscrezioni pubblicate ad ottobre dal  Miami Herald, Rodr\u00edguez e  suo fratello Jorge, presidente dell\u2019Assemblea Nazionale, nel 2025 hanno  promosso silenziosamente  una <b>serie di iniziative per presentarsi a Washington come un\u2019alternativa \u00abpi\u00f9 accettabile\u00bb al regime di Maduro<\/b>.\u00a0<\/p>\n<p class=\"chapter-paragraph\">Le proposte negoziali,  avallate dallo stesso ex presidente, sarebbero state  incanalate tramite intermediari in Qatar, con l\u2019obiettivo  di persuadere la Casa Bianca che  un <b>\u00abMadurismo senza Maduro\u00bb<\/b> avrebbe potuto consentire una transizione pacifica in Venezuela, preservando la stabilit\u00e0 politica senza smantellare l\u2019apparato di governo.  Una delle richieste,  secondo il quotidiano americano, era per\u00f2 che in cambio della riapertura del settore petrolifero venezuelano alle aziende statunitensi, venisse garantito a Maduro un tranquillo esilio a Doha o in Turchia.\u00a0<\/p>\n<p class=\"chapter-paragraph\">Qualcosa, evidentemente, \u00e8 andato storto. <b>Sarebbe  stato  Rubio a  bloccare l\u2019accordo.<\/b> Ma forse  \u00e8 solo questione di tempo prima che tutte le pedine prendano posizione.  Delcy  conosce bene i meccanismi del potere e potrebbe essere la persona giusta per condurre la partita a scacchi con Washington, anche se deve poter contare sul sostegno delle  forze armate venezuelane e del ministro Cabello. Finora,  ha dimostrato di saper muoversi con astuzia nella complessa rete di potere chavista.\u00a0<\/p>\n<p class=\"chapter-paragraph\">Per molti anni, Jorge e Delcy Rodr\u00edguez sono stati pilastri centrali dell\u2019\u00e9lite al potere in Venezuela: tecnocrati disciplinati, accusati da fonti americane di gestire le finanze del Cartello dei Soli, il network che  secondo Washington gestisce gli affari sporchi del regime. Nell\u2019agosto 2024,  <b>Delcy \u00e8 stata nominata ministra degli Idrocarburi<\/b>, quindi alla guida della potente industria nazionale dell\u2019energia. Una figura chiave per la gestione economica e imprenditoriale del Paese: gli accordi su gas e petrolio, la grande ricchezza del Venezuela, si fanno con lei. E Trump lo sa bene.\u00a0\u00a0<\/p>\n<p class=\"is-last-update\" datetime=\"2026-01-05T07:48:57+01:00\">4 gennaio 2026 ( modifica il 5 gennaio 2026 | 07:48)<\/p>\n<p class=\"is-copyright\">\n            \u00a9 RIPRODUZIONE RISERVATA\n        <\/p>\n","protected":false},"excerpt":{"rendered":"di Sara Gandolfi, inviata a Bogot\u00e0 A sorpresa la neo presidente ad interim, volto moderato del regime chavista&hellip;\n","protected":false},"author":3,"featured_media":291744,"comment_status":"","ping_status":"","sticky":false,"template":"","format":"standard","meta":{"footnotes":"","_share_on_mastodon":"0"},"categories":[160],"tags":[30,4197,4486,123975,46707,171285,171328,171329,14,164,165,170192,170193,767,1113,206,1731,107322,769,4488,13968,13969,3664,381,58615,221,144535,171330,171331,166,21137,7,15,7987,477,15773,2428,135,4309,171332,171333,43125,32898,1484,992,171334,3800,16566,379,11,167,12,168,45671,17530,170209,2530,3714,161,162,163],"class_list":["post-291743","post","type-post","status-publish","format-standard","has-post-thumbnail","category-mondo","tag-affidato","tag-alto","tag-armate","tag-cabello","tag-caracas","tag-chavista","tag-chavista-donna","tag-chavista-donna-guidare","tag-cronaca","tag-dal-mondo","tag-dalmondo","tag-delcy","tag-delcy-rodriguez","tag-difesa","tag-donald","tag-donald-trump","tag-donna","tag-donna-guidare","tag-forze","tag-forze-armate","tag-guidare","tag-interim","tag-jorge","tag-leader","tag-maduro","tag-ministra","tag-moderato","tag-moderato-regime","tag-moderato-regime-chavista","tag-mondo","tag-neo","tag-news","tag-notizie","tag-patto","tag-politica","tag-potente","tag-potere","tag-presidente","tag-regime","tag-regime-chavista","tag-regime-chavista-donna","tag-resistere","tag-rodriguez","tag-rubio","tag-sorpresa","tag-spalleggiata","tag-statunitensi","tag-transizione","tag-trump","tag-ultime-notizie","tag-ultime-notizie-di-mondo","tag-ultimenotizie","tag-ultimenotiziedimondo","tag-venezuela","tag-vice","tag-vice-maduro","tag-voler","tag-washington","tag-world","tag-world-news","tag-worldnews"],"share_on_mastodon":{"url":"","error":"Validation failed: Text character limit of 500 exceeded"},"_links":{"self":[{"href":"https:\/\/www.europesays.com\/it\/wp-json\/wp\/v2\/posts\/291743","targetHints":{"allow":["GET"]}}],"collection":[{"href":"https:\/\/www.europesays.com\/it\/wp-json\/wp\/v2\/posts"}],"about":[{"href":"https:\/\/www.europesays.com\/it\/wp-json\/wp\/v2\/types\/post"}],"author":[{"embeddable":true,"href":"https:\/\/www.europesays.com\/it\/wp-json\/wp\/v2\/users\/3"}],"replies":[{"embeddable":true,"href":"https:\/\/www.europesays.com\/it\/wp-json\/wp\/v2\/comments?post=291743"}],"version-history":[{"count":0,"href":"https:\/\/www.europesays.com\/it\/wp-json\/wp\/v2\/posts\/291743\/revisions"}],"wp:featuredmedia":[{"embeddable":true,"href":"https:\/\/www.europesays.com\/it\/wp-json\/wp\/v2\/media\/291744"}],"wp:attachment":[{"href":"https:\/\/www.europesays.com\/it\/wp-json\/wp\/v2\/media?parent=291743"}],"wp:term":[{"taxonomy":"category","embeddable":true,"href":"https:\/\/www.europesays.com\/it\/wp-json\/wp\/v2\/categories?post=291743"},{"taxonomy":"post_tag","embeddable":true,"href":"https:\/\/www.europesays.com\/it\/wp-json\/wp\/v2\/tags?post=291743"}],"curies":[{"name":"wp","href":"https:\/\/api.w.org\/{rel}","templated":true}]}}