{"id":291761,"date":"2026-01-05T08:15:13","date_gmt":"2026-01-05T08:15:13","guid":{"rendered":"https:\/\/www.europesays.com\/it\/291761\/"},"modified":"2026-01-05T08:15:13","modified_gmt":"2026-01-05T08:15:13","slug":"ubaldo-pantani-berlusconi-jr-poco-divertito-per-la-mia-imitazione-pensavo-fosse-una-battuta-tonio-cartonio-si-arrabbio-ma-poi-facemmo-pace","status":"publish","type":"post","link":"https:\/\/www.europesays.com\/it\/291761\/","title":{"rendered":"Ubaldo Pantani: \u00abBerlusconi jr poco divertito per la mia imitazione? Pensavo fosse una battuta. Tonio Cartonio si arrabbi\u00f2, ma poi facemmo pace\u00bb"},"content":{"rendered":"<p>    di<br \/>\n    Renato Franco<\/p>\n<p class=\"summary-art is-line-h-12\">Intervista al comico: \u00abIl primo provino con Boncompagni: mi tenne mezz&#8217;ora a improvvisare. La Gialappa&#8217;s mi diede un&#8217;ora per imitare Materazzi. Quando mi arrabbio sembro Allegri. E da Augias ho ricevuto i complimenti pi\u00f9 belli\u00bb<\/p>\n<p class=\"chapter-paragraph\"><b>Il provino con Boncompagni? <br \/><\/b>\u00abMi chiese di parlargli del cabaret norvegese. E io dissi che noi a Oslo stavamo facendo un lavoro importante e diverso. Era un dialogo tutto giocato sull\u2019improvvisazione, Gianni mi tenne mezz\u2019ora nel gelo del capostruttura Rai che lo guardava e chiedeva: ma sei sicuro di volere lui?\u00bb.<br \/>La carriera di <b>Ubaldo Pantani<\/b> \u00e8 cominciata cos\u00ec, molto per caso e con poca vocazione. Nessun\u2019urgenza come dicono quelli che vogliono darsi un tono. Da l\u00ec una marea di personaggi incorniciati in un\u2019iperbole che viene costruita per strappare la risata. Con una premessa: \u00abIo non sono un imitatore, mi definisco un comico che fa imitazioni\u00bb.<\/p>\n<p class=\"chapter-paragraph\"><b>Pier Silvio Berlusconi ha detto che non si \u00e8 riconosciuto per niente nella sua maschera.<br \/><\/b>\u00abPensavo fosse una battuta e ho riso. Quando ho scoperto che invece era serio e lo pensava veramente, ho continuato a ridere. Chiss\u00e0, forse l\u2019ho punto sul vivo. Comunque nessuno si \u00e8 mai offeso in modo plateale per le mie imitazioni, e di questo sono contento\u00bb.    &#13;<br \/>\n&#13;<br \/>\n&#13;<br \/>\n&#13;<br \/>\n&#13;<br \/>\n&#13;<br \/>\n&#13;<br \/>\n&#13;<br \/>\n&#13;<br \/>\n&#13;<br \/>\n&#13;<br \/>\n&#13;<br \/>\n&#13;<br \/>\n&#13;<br \/>\n&#13;<br \/>\n&#13;<br \/>\n&#13;<br \/>\n&#13;<br \/>\n&#13;<br \/>\n&#13;<br \/>\n&#13;<br \/>\n&#13;<br \/>\n&#13;<br \/>\n&#13;<br \/>\n&#13;<br \/>\n&#13;<br \/>\n&#13;<br \/>\n&#13;<br \/>\n&#13;<br \/>\n&#13;<br \/>\n&#13;<br \/>\n&#13;<br \/>\n&#13;<br \/>\n&#13;<br \/>\n&#13;<br \/>\n&#13;<br \/>\n&#13;<br \/>\n&#13;<br \/>\n&#13;<br \/>\n&#13;<br \/>\n&#13;<br \/>\n&#13;<br \/>\n&#13;<br \/>\n&#13;<br \/>\n&#13;<br \/>\n&#13;<br \/>\n&#13;<br \/>\n&#13;<br \/>\n&#13;<br \/>\n&#13;<br \/>\n&#13;<br \/>\n&#13;<br \/>\n&#13;\n<\/p>\n<p class=\"chapter-paragraph\"><b>In verit\u00e0 Tonio Cartonio qualche anno fa se la prese di brutto. <br \/><\/b>\u00abL\u2019ho incontrato quest\u2019estate, l\u2019ho abbracciato e gli ho chiesto scusa. All\u2019epoca la comicit\u00e0 non era stritolata dalla woke culture e quindi potevamo dire di tutto\u00bb.<\/p>\n<p class=\"chapter-paragraph\"><b>Si stava meglio senza il politicamente corretto?<br \/><\/b>\u00abNon che fosse meglio o peggio, era proprio un altro mondo. E quindi, essendo un altro mondo, anche la comicit\u00e0 poteva spingere di pi\u00f9. Tonio Cartonio si risent\u00ec molto, a me faceva ridere raccontasse le favole ai bambini uno che, ai miei occhi, aveva un chiaro orientamento omosessuale e sfoggiava un pacco enorme. Era gi\u00e0 comico cos\u00ec\u00bb.<\/p>\n<p class=\"chapter-paragraph\"><b>Quali sono gli elementi che fanno funzionare un\u2019imitazione?<br \/><\/b>\u00abVoce, somiglianza, testo: almeno una di queste tre chiavi deve essere forte\u00bb.<\/p>\n<p class=\"chapter-paragraph\"><b>Il suo pezzo migliore \u2014 Lapo \u2014 le ha tutte e tre. <br \/><\/b>\u00abL\u2019ho cambiato molto nel corso degli anni. Prima la chiave comica era legata alla sua vita di eccessi. Poi si \u00e8 trasformato quasi in un personaggio di fantasia, che ha poca attinenza con la persona veramente esistente. Oggi \u00e8 un ricco gaffeur che mantiene l\u2019ingenuit\u00e0 del matto: dice cose che gli altri non oserebbero dire\u00bb.<\/p>\n<p class=\"chapter-paragraph\"><b>Buffon?<br \/><\/b>\u00abHa un modo di parlare che ride sempre, l\u2019ho immaginato simile all\u2019Orso Yoghi, ha quella musicalit\u00e0, quei fonemi rotondi\u00bb.<\/p>\n<p class=\"chapter-paragraph\"><b>Giletti? <br \/><\/b>\u00abFino a quando stava nella trasmissione di Guard\u00ec nessuno gli aveva mai visto le gambe, era sempre seduto. Poi si \u00e8 alzato in piedi come l\u2019airone che dispiega le ali, come Coppi che va in salita. Quando l\u2019hanno messo in piedi \u00e8 nato Giletti in tutto il suo splendore: fu l\u00ec a colpirmi\u00bb.<\/p>\n<p class=\"chapter-paragraph\"><b>Mario Giordano?<br \/><\/b>\u00abBisogna essere sinceri e non fare gli ipocriti. Ha una voce che fa ridere di suo. Poi c\u2019\u00e8 lo show, il baraccone, il teatro per attirare l\u2019attenzione. L\u00ec inizia la mia iperbole, sposto pi\u00f9 in l\u00e0 quello che lui gi\u00e0 fa\u00bb.<\/p>\n<p class=\"chapter-paragraph\"><b>Chi le ha fatto i complimenti?<br \/><\/b>\u00abAugias fu meraviglioso. Mi chiam\u00f2 e mi disse che mi sarei dovuto vergognare. Io risposi che ci rimanevo male per due motivi: se \u00e8 lei mi dispiace, e se non \u00e8 lei mi dispiace perch\u00e9 ho trovato un imitatore meglio di me. Lui ridacchiava. Stava scherzando\u00bb.<\/p>\n<p class=\"chapter-paragraph\"><b>Assomiglia a qualcuno dei personaggi che imita?<br \/><\/b>\u00abA nessuno, perch\u00e9 di fatto \u00e8 un gioco, per\u00f2 quando mi incazzo assomiglio molto ad Allegri\u00bb.<\/p>\n<p class=\"chapter-paragraph\"><b>La sua regola?<br \/><\/b>\u00abCerco di tirar fuori aspetti evocativi e plausibili. Se uno ha gi\u00e0 un suo tormentone glielo tolgo. Ad esempio Barbieri che parla sempre del topper. Quando lo imito in 4 Motel lui dice sempre \u201cl\u2019importante \u00e8 ciulare\u201d, una frase che non ha mai pronunciato, ma \u00e8 plausibile che possa dire\u00bb.<\/p>\n<p class=\"chapter-paragraph\"><b>Il 31 gennaio da Genova parte il tour del suo nuovo spettacolo, \u00abInimitabile\u00bb, dove porta sul palco il suo caleidoscopio di personaggi, attingendo tanto dalla tv quanto dal mondo reale. <br \/><\/b>\u00abLa premessa dello spettacolo \u00e8 micidiale e terribile: gli spettatori si devono aspettare di ridere. \u00c8 una condizione che mi mette l\u2019ansia, ma il mestiere del comico \u00e8 questo: far ridere\u00bb.<\/p>\n<p class=\"chapter-paragraph\"><b>La sua vocazione?<br \/><\/b>\u00ab\u00c8 ancora oggi un mistero. Tra i miei sogni di ragazzino non c\u2019era quello di andare in tv a fare il comico, ma a un certo punto mi sono messo a fare le imitazioni che faceva Gigi Sabani\u00bb.<\/p>\n<p class=\"chapter-paragraph\"><b>Cosa sognava invece?<\/b><br \/>\u00abCome un milione di bambini in Italia sognavo di fare il calciatore. La mia testa, la Ram del mio cervello, \u00e8 sempre stata riempita da figurine. Ancora oggi sono un giocatore di Subbuteo\u00bb.<\/p>\n<p class=\"chapter-paragraph\"><b>Bravo da fermo quindi.<br \/><\/b>\u00abGiocavo davvero a calcio, a livello dilettantistico in Toscana. Centrocampista\u00bb.<\/p>\n<p class=\"chapter-paragraph\"><b>Oltre al Subbuteo?<br \/><\/b>\u00abColleziono ancora le figurine dei calciatori, da ragazzino le usavo per trasformarle in un gioco d\u2019azione con la pallina. Avevo in testa solo il pallone. Attraverso il calcio ho imparato la geografia, perch\u00e9 per me le citt\u00e0 erano quelle che avevano le squadre in C2. So a memoria le citt\u00e0 natali dei campioni del mondo: Subiaco di Graziani, Nettuno di Bruno Conti&#8230;\u00bb.<\/p>\n<p class=\"chapter-paragraph\"><b>Per\u00f2 ha prevalso Sabani su Tardelli.<br \/><\/b>\u00abQuando ero piccolo le casalinghe italiane sono state travolte da tre destini crudeli: le fasce per dimagrire, la cyclette e la messa in piega domestica con il casco. Io facevo degli spettacoli in camera mia usando come microfono l\u2019asta del casco di mia mamma, era l\u2019asta di un microfono immaginario. Una roba filosofica, alla Magritte\u00bb.<\/p>\n<p class=\"chapter-paragraph\"><b>La consapevolezza quando arriva?<br \/><\/b>\u00abTardi. Non avevo un\u2019idea di spettacolo, semplicemente mi divertivo a fare i personaggi. Crescendo sono stato conquistato dalle velleit\u00e0 adolescenziali delle avanguardie, ho conosciuto Freak Antoni, mi affascinava il situazionismo in una Toscana dove stava esplodendo la comicit\u00e0: mi piacevano le cose elaborate, strane\u00bb.<\/p>\n<p class=\"chapter-paragraph\"><b>La vera svolta?<br \/><\/b>\u00abArrivai secondo a un concorso di cabaret con un mio amico e ci dissero che avevamo vinto un provino a Roma. Ci sentivamo degli eletti, ma non era un provino per eletti: era quello per la seconda edizione di Macao che era esploso l\u2019anno prima, nel 1997. C\u2019erano mille comici\u00bb.<\/p>\n<p class=\"chapter-paragraph\"><b>Uno su mille ce la fa. Anche tre o quattro per la verit\u00e0.<br \/><\/b>\u00abFui scelto insieme a Brignano, Fabio Canino e Paola Cortellesi\u00bb.<\/p>\n<p class=\"chapter-paragraph\"><b>Portava due personaggi.<br \/><\/b>\u00abUno era il protocollista del comune dove facevo il servizio civile: zelante, innamorato del suo lavoro, fissato con le marche da bollo\u00bb.<\/p>\n<p class=\"chapter-paragraph\"><b>L\u2019altro?<br \/><\/b>\u00abTony Brillante, il profeta del cabaret che teorizzava la necessaria dilatazione dello spazio battuta-risata. Tu non devi ridere subito, ci troviamo dopo una settimana tutti nudi nel Giardino degli Oleandri e se siamo tutti d\u2019accordo possiamo ridere. Una roba assurda che naturalmente fece impazzire Boncompagni\u00bb.<\/p>\n<p class=\"chapter-paragraph\"><b>Poi and\u00f2 in onda con il personaggio di un\u2019archeologa americana. <br \/><\/b>\u00abUn\u2019altra follia, che non faceva ridere: vivevo nell\u2019illusione che la comicit\u00e0 prescindesse dalla risata ma fosse un\u2019arma intellettuale\u00bb.<\/p>\n<p class=\"chapter-paragraph\"><b>Perch\u00e9 deve dire grazie \u2014 a sua insaputa \u2014 a Pino Insegno? <br \/><\/b>\u00abLessi un\u2019intervista in cui parlando di Max Tortora, disse: \u00e8 un bravissimo attore, ma \u00e8 dovuto passare dalle forche caudine delle imitazioni. Fu una rivelazione, perch\u00e9 fino ad allora non gli avevo dato importanza\u00bb.<\/p>\n<p class=\"chapter-paragraph\"><b>La Gialappa?<br \/><\/b>\u00abStavano cercando un sostituto di Fabio De Luigi e mi fecero il provino in diretta radio. Mi chiesero di fare Materazzi e pensai: ma chi cazzo lo sa fare Materazzi? Ho avuto un\u2019ora di tempo per studiarlo, loro volevano vedere la mia capacit\u00e0 di essere reattivo\u00bb.<\/p>\n<p class=\"chapter-paragraph\"><b>\u00c8 stato 12 anni a \u00abQuelli che il calcio\u00bb. <br \/><\/b>\u00abQuando \u00e8 finito, per i primi 6 mesi mi \u00e8 mancata la terra sotto i piedi. Per dodici anni avevo vissuto nello stesso albergo, da settembre a maggio: un periodo folle\u00bb.<\/p>\n<p class=\"is-last-update\" datetime=\"2026-01-04T22:03:30+01:00\">5 gennaio 2026<\/p>\n<p class=\"is-copyright\">\n            \u00a9 RIPRODUZIONE RISERVATA\n        <\/p>\n","protected":false},"excerpt":{"rendered":"di Renato Franco Intervista al comico: \u00abIl primo provino con Boncompagni: mi tenne mezz&#8217;ora a improvvisare. La Gialappa&#8217;s&hellip;\n","protected":false},"author":3,"featured_media":291762,"comment_status":"","ping_status":"","sticky":false,"template":"","format":"standard","meta":{"footnotes":""},"categories":[174],"tags":[48016,171361,171362,579,171363,171364,171365,171366,171367,80272,171368,171369,171370,171371,171372,13029,3076,30861,32470,788,3648,2436,122313,5473,721,171351,26703,12548,5464,51917,122,6037,10407,1907,100412,203,15504,70879,39220,79618,2024,97803,21891,57842,48,1282,204,171354,1537,90,89,1914,22505,9476,35391,37203,61,21865,5239,171355,3965,2379,89469,171356,18496,171357,494,10014,9672,26129,62471,171358,214,95859,171359,171360,1928,171352,171353,11922,253,89710,76788,14358,9294,44588,2938],"class_list":{"0":"post-291761","1":"post","2":"type-post","3":"status-publish","4":"format-standard","5":"has-post-thumbnail","7":"category-intrattenimento","8":"tag-abbracciato","9":"tag-abbracciato-chiesto","10":"tag-abbracciato-chiesto-scusa","11":"tag-accordo","12":"tag-accordo-possiamo","13":"tag-accordo-possiamo-ridere","14":"tag-adolescenziali","15":"tag-adolescenziali-avanguardie","16":"tag-adolescenziali-avanguardie-conosciuto","17":"tag-affascinava","18":"tag-affascinava-situazionismo","19":"tag-affascinava-situazionismo-toscana","20":"tag-airone","21":"tag-airone-dispiega","22":"tag-airone-dispiega-ali","23":"tag-albergo","24":"tag-allegri","25":"tag-asta","26":"tag-augias","27":"tag-bambini","28":"tag-battuta","29":"tag-berlusconi","30":"tag-boncompagni","31":"tag-cabaret","32":"tag-calcio","33":"tag-cartonio","34":"tag-casco","35":"tag-comicita","36":"tag-comico","37":"tag-complimenti","38":"tag-cose","39":"tag-dispiace","40":"tag-disse","41":"tag-dovuto","42":"tag-eletti","43":"tag-entertainment","44":"tag-fabio","45":"tag-figurine","46":"tag-gialappa","47":"tag-giletti","48":"tag-gioco","49":"tag-imitatore","50":"tag-imitazione","51":"tag-imitazioni","52":"tag-importante","53":"tag-intervista","54":"tag-intrattenimento","55":"tag-iperbole","56":"tag-it","57":"tag-italia","58":"tag-italy","59":"tag-li","60":"tag-materazzi","61":"tag-messo","62":"tag-mezz","63":"tag-microfono","64":"tag-mille","65":"tag-pantani","66":"tag-pensavo","67":"tag-pensavo-battuta","68":"tag-personaggi","69":"tag-personaggio","70":"tag-poca","71":"tag-premessa","72":"tag-provino","73":"tag-provino-boncompagni","74":"tag-punto","75":"tag-ragazzino","76":"tag-ridere","77":"tag-risata","78":"tag-roba","79":"tag-sabani","80":"tag-spettacolo","81":"tag-subbuteo","82":"tag-tenne","83":"tag-tenne-mezz","84":"tag-testa","85":"tag-tonio","86":"tag-tonio-cartonio","87":"tag-toscana","88":"tag-tv","89":"tag-ubaldo","90":"tag-ubaldo-pantani","91":"tag-veramente","92":"tag-verita","93":"tag-vocazione","94":"tag-voce"},"share_on_mastodon":{"url":"","error":"Validation failed: Text character limit of 500 exceeded"},"_links":{"self":[{"href":"https:\/\/www.europesays.com\/it\/wp-json\/wp\/v2\/posts\/291761","targetHints":{"allow":["GET"]}}],"collection":[{"href":"https:\/\/www.europesays.com\/it\/wp-json\/wp\/v2\/posts"}],"about":[{"href":"https:\/\/www.europesays.com\/it\/wp-json\/wp\/v2\/types\/post"}],"author":[{"embeddable":true,"href":"https:\/\/www.europesays.com\/it\/wp-json\/wp\/v2\/users\/3"}],"replies":[{"embeddable":true,"href":"https:\/\/www.europesays.com\/it\/wp-json\/wp\/v2\/comments?post=291761"}],"version-history":[{"count":0,"href":"https:\/\/www.europesays.com\/it\/wp-json\/wp\/v2\/posts\/291761\/revisions"}],"wp:featuredmedia":[{"embeddable":true,"href":"https:\/\/www.europesays.com\/it\/wp-json\/wp\/v2\/media\/291762"}],"wp:attachment":[{"href":"https:\/\/www.europesays.com\/it\/wp-json\/wp\/v2\/media?parent=291761"}],"wp:term":[{"taxonomy":"category","embeddable":true,"href":"https:\/\/www.europesays.com\/it\/wp-json\/wp\/v2\/categories?post=291761"},{"taxonomy":"post_tag","embeddable":true,"href":"https:\/\/www.europesays.com\/it\/wp-json\/wp\/v2\/tags?post=291761"}],"curies":[{"name":"wp","href":"https:\/\/api.w.org\/{rel}","templated":true}]}}