{"id":292130,"date":"2026-01-05T13:36:19","date_gmt":"2026-01-05T13:36:19","guid":{"rendered":"https:\/\/www.europesays.com\/it\/292130\/"},"modified":"2026-01-05T13:36:19","modified_gmt":"2026-01-05T13:36:19","slug":"il-finale-di-stranger-things-spiegato-bene-la-morte-di-undici","status":"publish","type":"post","link":"https:\/\/www.europesays.com\/it\/292130\/","title":{"rendered":"Il finale di Stranger Things spiegato bene: la morte di Undici"},"content":{"rendered":"<p data-journey-content=\"true\" data-node-id=\"3\" class=\"css-6wxqfj emevuu60\">Nove anni e mezzo dopo la sua premi\u00e8re, <strong data-node-id=\"3.1\">Stranger Things \u00e8 giunta al termine<\/strong>. L&#8217;episodio finale della serie Netflix creata dai fratelli Duffer, intitolato &#8220;The World of Law&#8221;, saluta Undici (Millie Bobby Brown) e il resto dei giovani (e meno giovani) abitanti di Hawkins, dopo essersi avventurati nell&#8217;Abisso per cercare di sconfiggere finalmente il Mind Flayer e fermare Vecna \u200b\u200b(Jamie Campbell Bower). Ma questo non significa che tutte le linee narrative siano definitivamente risolte, e per chiarire alcuni di questi interrogativi, <strong data-node-id=\"3.3\">Ross e Matt Duffer<\/strong> hanno parlato con diversi siti web nordamericani, spiegando le ragioni delle loro decisioni e il destino di diversi personaggi chiave. <\/p>\n<p><img draggable=\"true\" alt=\"stranger things final\" title=\"stranger things final\" loading=\"lazy\" width=\"3840\" height=\"1920\" decoding=\"async\" data-nimg=\"1\" style=\"color:transparent;width:100%;height:auto;\"   src=\"https:\/\/www.europesays.com\/it\/wp-content\/uploads\/2026\/01\/stranger-things-5-final-00-6957a95f0ac8e.jpg\" class=\"css-0 e1g79fud0\"\/><\/p>\n<p>Netflix<\/p>\n<p data-journey-content=\"true\" data-node-id=\"12\" class=\"css-6wxqfj emevuu60\">Il finale lascia deliberatamente <strong data-node-id=\"12.1\">aperto il pi\u00f9 grande mistero della serie: il destino di Undici<\/strong>. L&#8217;ultima sequenza consente interpretazioni come la morte del personaggio, che si \u00e8 sacrificata durante la distruzione del Sottosopra per impedire ai militari di usare i suoi cloni come armi, o che \u00e8 riuscita a sopravvivere e a fuggire, forse con l&#8217;aiuto di Kali (Linnea Berthelsen), usando una proiezione finale.<\/p>\n<p data-journey-content=\"true\" data-node-id=\"14\" class=\"css-6wxqfj emevuu60\">L&#8217;ambiguit\u00e0 continua nella scena finale, ambientata diciotto mesi dopo, durante la cerimonia di laurea della classe dell&#8217;89. L&#8217;azione torna nel seminterrato dei Wheeler, dove Mike (Finn Wolfhard), Will (Noah Schnapp), Lucas (Caleb McLaughlin), Max (Sadie Sink) e Dustin (Gaten Matarazzo) giocano a Dungeons &amp; Dragons per l&#8217;ultima volta. \u00c8 l\u00ec che <strong data-node-id=\"14.1\">Mike esprime la sua convinzione che Undici possa essere ancora viva,<\/strong> poco prima che nuovi giocatori scendano e il gioco venga tramandato alla generazione successiva.<\/p>\n<p><img draggable=\"true\" alt=\"stranger things final\" title=\"stranger things final\" loading=\"lazy\" width=\"3840\" height=\"1920\" decoding=\"async\" data-nimg=\"1\" style=\"color:transparent;width:100%;height:auto;\"   src=\"https:\/\/www.europesays.com\/it\/wp-content\/uploads\/2026\/01\/stranger-things-5-final-01-6957a95e954c0.jpg\" class=\"css-0 e1g79fud0\"\/><\/p>\n<p>Netflix<\/p>\n<p>Il finale di Stranger Things, parlano i creatori della serie<\/p>\n<p data-journey-content=\"true\" data-node-id=\"18\" class=\"css-6wxqfj emevuu60\"><a href=\"https:\/\/www.whatsapp.com\/channel\/0029VbBlLnBFSAsylQMSWv2M\" target=\"_blank\" data-vars-ga-outbound-link=\"https:\/\/www.whatsapp.com\/channel\/0029VbBlLnBFSAsylQMSWv2M\" data-vars-ga-call-to-action=\"Iscriviti al canale WhatsApp di Cosmopolitan Italia\" rel=\"nofollow noopener\" data-vars-ga-ux-element=\"Hyperlink\" data-node-id=\"18.0\" data-mrf-link=\"https:\/\/www.whatsapp.com\/channel\/0029VbBlLnBFSAsylQMSWv2M\" class=\"body-btn-link css-18z7m7k emevuu60\">Iscriviti al canale WhatsApp di Cosmopolitan Italia<\/a><\/p>\n<p data-journey-content=\"true\" data-node-id=\"20\" class=\"css-6wxqfj emevuu60\">Quando Variety ha chiesto <strong data-node-id=\"20.3\">ai fratelli Duffer di quella scena finale, sono stati irremovibili<\/strong>: \u00abUndici non sarebbe mai stata l\u00ec. Inizialmente, quando l&#8217;abbiamo concepita tanto tempo fa, i bambini stavano giocando un&#8217;ultima partita a Dungeons &amp; Dragons, riponendo i libri e salendo le scale. E Mike avrebbe chiuso la porta, chiudendo cos\u00ec la porta all&#8217;infanzia. Quindi questa era l&#8217;idea. Una volta introdotta Holly \u2013 e questo \u00e8 uno dei motivi per cui eravamo cos\u00ec ansiosi di portare Holly, i suoi amici e Derek nella serie \u2013 \u00e8 stato per poter avere un passaggio di testimone. Poter rivisitare la prima stagione permette a Mike di riflettere sulla sua infanzia ed essere felice che sua sorella e i suoi amici vivranno un&#8217;esperienza magica, o avventure come la sua, si spera non cos\u00ec traumatiche. Ma come ha detto Dustin, c&#8217;era cos\u00ec tanto bene in mezzo a cos\u00ec tanto male. Li ha cambiati in molti modi significativi\u00bb,<\/p>\n<p data-journey-content=\"true\" data-node-id=\"22\" class=\"css-6wxqfj emevuu60\">\u00abUndici rappresenta, per molti versi, la magia dell&#8217;infanzia. E sapevamo che, affinch\u00e9 i nostri figli crescessero, la magia doveva lasciare Hawkins. Non c&#8217;\u00e8 mai stata una versione in cui Undici fosse in quello scantinato. Non sarebbe mai stato cos\u00ec semplice o cos\u00ec facile. Si trattava di trovare un modo per creare un finale che non fosse cos\u00ec semplice, ma anche agrodolce, e che desse speranza\u00bb.<\/p>\n<p><img draggable=\"true\" alt=\"stranger things final\" title=\"stranger things final\" loading=\"lazy\" width=\"2050\" height=\"1538\" decoding=\"async\" data-nimg=\"1\" style=\"color:transparent;width:100%;height:auto;\"   src=\"https:\/\/www.europesays.com\/it\/wp-content\/uploads\/2026\/01\/stranger-things-5-final-6957a95ea057a.jpg\" class=\"css-0 e1g79fud0\"\/><\/p>\n<p>Netflix<\/p>\n<p data-journey-content=\"true\" data-node-id=\"27\" class=\"css-6wxqfj emevuu60\">Riguardo <strong data-node-id=\"27.1\">alla conferma o alla smentita della teoria di Mike secondo cui Undici \u00e8 viva,<\/strong> i creatori sono stati un po&#8217; meno disponibili in un&#8217;intervista con The Hollywood Reporter: \u00abNon sappiamo se vogliamo dirlo. Ovviamente, abbiamo avuto anche queste conversazioni con Millie, e ognuno ha la sua interpretazione. Temo che se lo dicessimo, potremmo sminuirne l&#8217;importanza. Vogliamo che il pubblico tragga le proprie conclusioni. Nemmeno i personaggi lo sanno, perch\u00e9 non possono saperlo, perch\u00e9 se fosse vero, metterebbe Undici in pericolo e il loro sacrificio sarebbe vano&#8230; Ma i ragazzi, ovviamente, scelgono di credere\u00bb.<\/p>\n<p data-journey-content=\"true\" data-node-id=\"29\" class=\"css-6wxqfj emevuu60\"><strong data-node-id=\"29.0\">Ma se Undici fosse viva&#8230; significa che potrebbero riunirsi tutti in futuro?<\/strong> \u00abMike sta chiudendo la porta del seminterrato. Stiamo chiudendo la porta alla storia. Questo \u00e8 uno dei motivi per cui abbiamo messo i titoli di coda in questo modo, perch\u00e9 era un modo per dire: Questo \u00e8 finito. Questa \u00e8 la fine della loro storia. \u00c8 la fine della storia di Mike e Undici e di tutti gli altri. Quindi no, non ci sono piani o intenzioni di continuare la storia. Ci piacerebbe poter parlare un po&#8217; di pi\u00f9 di uno spin-off, ma non ci \u00e8 ancora permesso. Siamo molto entusiasti di esplorare nuovi personaggi e una nuova mitologia, ma siamo anche molto interessati a raccontare una storia nello spirito di Stranger Things. Ma, con quest&#8217;ultima stagione, abbiamo finito di dire tutto quello che volevamo dire su questi personaggi, questa storia e il Sottosopra\u00bb.<\/p>\n<p><br data-node-id=\"30.0\"\/> <img draggable=\"true\" alt=\"stranger things final\" title=\"stranger things final\" loading=\"lazy\" width=\"3840\" height=\"1920\" decoding=\"async\" data-nimg=\"1\" style=\"color:transparent;width:100%;height:auto;\"   src=\"https:\/\/www.europesays.com\/it\/wp-content\/uploads\/2026\/01\/stranger-things-5-final-02-6957a95ea6096.jpg\" class=\"css-0 e1g79fud0\"\/><\/p>\n<p>Netflix<\/p>\n<p data-journey-content=\"true\" data-node-id=\"33\" class=\"css-6wxqfj emevuu60\">Da <a href=\"https:\/\/www.fotogramas.es\/series-tv-noticias\/a69901815\/stranger-things-final-explicado-serie-netflix-muerte-eleven-once\/\" target=\"_blank\" data-vars-ga-outbound-link=\"https:\/\/www.fotogramas.es\/series-tv-noticias\/a69901815\/stranger-things-final-explicado-serie-netflix-muerte-eleven-once\/\" data-vars-ga-ux-element=\"Hyperlink\" data-vars-ga-call-to-action=\"Fotogramas\" data-node-id=\"33.1\" class=\"body-link css-103hk4r emevuu60\" rel=\"nofollow noopener\">Fotogramas<\/a><\/p>\n<p>Tutto su Stranger Things<\/p>\n","protected":false},"excerpt":{"rendered":"Nove anni e mezzo dopo la sua premi\u00e8re, Stranger Things \u00e8 giunta al termine. L&#8217;episodio finale della serie&hellip;\n","protected":false},"author":3,"featured_media":292131,"comment_status":"","ping_status":"","sticky":false,"template":"","format":"standard","meta":{"footnotes":""},"categories":[1444],"tags":[1616,203,204,1537,90,89,253],"class_list":{"0":"post-292130","1":"post","2":"type-post","3":"status-publish","4":"format-standard","5":"has-post-thumbnail","7":"category-tv","8":"tag-discover","9":"tag-entertainment","10":"tag-intrattenimento","11":"tag-it","12":"tag-italia","13":"tag-italy","14":"tag-tv"},"share_on_mastodon":{"url":"https:\/\/pubeurope.com\/@it\/115842763046721261","error":""},"_links":{"self":[{"href":"https:\/\/www.europesays.com\/it\/wp-json\/wp\/v2\/posts\/292130","targetHints":{"allow":["GET"]}}],"collection":[{"href":"https:\/\/www.europesays.com\/it\/wp-json\/wp\/v2\/posts"}],"about":[{"href":"https:\/\/www.europesays.com\/it\/wp-json\/wp\/v2\/types\/post"}],"author":[{"embeddable":true,"href":"https:\/\/www.europesays.com\/it\/wp-json\/wp\/v2\/users\/3"}],"replies":[{"embeddable":true,"href":"https:\/\/www.europesays.com\/it\/wp-json\/wp\/v2\/comments?post=292130"}],"version-history":[{"count":0,"href":"https:\/\/www.europesays.com\/it\/wp-json\/wp\/v2\/posts\/292130\/revisions"}],"wp:featuredmedia":[{"embeddable":true,"href":"https:\/\/www.europesays.com\/it\/wp-json\/wp\/v2\/media\/292131"}],"wp:attachment":[{"href":"https:\/\/www.europesays.com\/it\/wp-json\/wp\/v2\/media?parent=292130"}],"wp:term":[{"taxonomy":"category","embeddable":true,"href":"https:\/\/www.europesays.com\/it\/wp-json\/wp\/v2\/categories?post=292130"},{"taxonomy":"post_tag","embeddable":true,"href":"https:\/\/www.europesays.com\/it\/wp-json\/wp\/v2\/tags?post=292130"}],"curies":[{"name":"wp","href":"https:\/\/api.w.org\/{rel}","templated":true}]}}