{"id":292195,"date":"2026-01-05T14:30:12","date_gmt":"2026-01-05T14:30:12","guid":{"rendered":"https:\/\/www.europesays.com\/it\/292195\/"},"modified":"2026-01-05T14:30:12","modified_gmt":"2026-01-05T14:30:12","slug":"rai-bufera-su-riccardo-pescante-vicedirettore-sport-per-la-dichiarazione-di-fede-alla-fiamma","status":"publish","type":"post","link":"https:\/\/www.europesays.com\/it\/292195\/","title":{"rendered":"Rai, bufera su Riccardo Pescante (vicedirettore Sport) per la dichiarazione di fede alla Fiamma"},"content":{"rendered":"<p>Ha pubblicato un post il 26 dicembre: \u00abLe radici non gelano\u00bb con l&#8217;immagine dell&#8217;Msi. Pd e M5S in Vigilanza chiedono le dimissioni<\/p>\n<p class=\"chapter-paragraph\">Il post sui social \u00e8 del 26 dicembre scorso. <b>Vi si scorge la fiamma tricolore del Movimento sociale italiano e, sotto, il commento: \u00abLe radici profonde non gelano\u00bb. <\/b>Un\u2019attestazione di appartenenza che <a href=\"https:\/\/www.corriere.it\/sport\/25_dicembre_11\/paralimpiadi-di-milano-cortina-2026-oltre-100-ore-di-trasmissione-tv-sulla-rai-1eb0864f-6559-4da4-b783-cec5b1fd9xlk.shtml\" title=\"Paralimpiadi di Milano-Cortina 2026, oltre 100 ore di trasmissione tv sulla Rai\" rel=\"nofollow noopener\" target=\"_blank\">Riccardo Pescante,<\/a> <b>vicedirettore di Rai Sport (figlio di Mario Pescante, dirigente sportivo e parlamentare)<\/b>, ha deciso cos\u00ec di non celare, scatenando le reazioni delle opposizioni in <a href=\"https:\/\/roma.corriere.it\/notizie\/cronaca\/25_ottobre_21\/sit-in-viva-la-stampa-libera-a-piazza-santi-apostoli-flashmob-di-eurodeputati-italiani-bipartisan-a-strasburgo-248f70d5-c07e-4d4b-bafd-863114135xlk.shtml\" title=\"Sit-in \u00abViva la stampa libera!\u00bb a piazza Santi Apostoli. Flashmob di eurodeputati italiani bipartisan a Strasburgo\" rel=\"nofollow noopener\" target=\"_blank\">commissione di Vigilanza.<\/a><\/p>\n<p class=\"chapter-paragraph\">Il primo a sollevare il caso \u00e8 <a href=\"https:\/\/roma.corriere.it\/notizie\/spettacoli\/25_febbraio_13\/rai-stallo-nomine-vigilanza-cb98254d-6dd1-498c-8746-ed460bfadxlk.shtml\" title=\"Rai, stallo sulle nomine in Vigilanza: l&#039;ipotesi delle dimissioni in blocco delle opposizioni\" rel=\"nofollow noopener\" target=\"_blank\">Dario Carotenuto<\/a>, capogruppo M5S, secondo cui <b>\u00abl\u2019uso che Pescante fa dei suoi canali social \u00e8 incompatibile con le linee guida del Servizio pubblico\u00bb.<\/b> Il riferimento \u00e8 anche a un altro post in cui il giornalista paragonerebbe il segretario della Cgil, Maurizio Landini, al dittatore venezuelano <a href=\"https:\/\/video.corriere.it\/esteri\/trump-parla-dell-operazione-per-la-cattura-di-maduro-uccisi-molti-cubani-durante-gli-attacchi-\/d68d1a6b-5866-42d0-9479-f0a3f596axlk\" title=\"Trump parla dell&#039;operazione per la cattura di Maduro: \u00abUccisi molti cubani durante gli attacchi\u00bb\" rel=\"nofollow noopener\" target=\"_blank\">Nicolas Maduro<\/a>, <b>deposto da un blitz americano, auspicandone la medesima sorte. <\/b>Carotenuto annuncia un\u2019interrogazione in Vigilanza. Anche per i parlamentari Pd in Vigilanza, guidati da <a href=\"https:\/\/www.corriere.it\/politica\/25_dicembre_12\/pd-riformisti-ex-nemici-passano-con-schlein-68193107-6925-4034-9ff7-d8db8bcbbxlk.shtml\" title=\"Pd, il divorzio dei riformisti: ecco gli \u00abex nemici\u00bb che passano con Schlein. E l&#039;ala dura contraster\u00e0 la segretaria\" rel=\"nofollow noopener\" target=\"_blank\">Stefano Graziano<\/a>, la misura \u00e8 colma. <b>\u00abNon \u00e8 immaginabile &#8211; sostengono &#8211; che tutti i dirigenti Rai possano immaginare di dire che loro appartengono a un partito piuttosto che a un altro<\/b>, perch\u00e9 cos\u00ec si perde di credibilit\u00e0 e la Rai diventa portavoce del partito di governo\u00bb.\u00a0    &#13;<br \/>\n&#13;<br \/>\n&#13;<br \/>\n&#13;<br \/>\n&#13;<br \/>\n&#13;<br \/>\n&#13;<br \/>\n&#13;<br \/>\n&#13;<br \/>\n&#13;<br \/>\n&#13;<br \/>\n&#13;<br \/>\n&#13;<br \/>\n&#13;<br \/>\n&#13;<br \/>\n&#13;<br \/>\n&#13;<br \/>\n&#13;<br \/>\n&#13;<br \/>\n&#13;<br \/>\n&#13;<br \/>\n&#13;<br \/>\n&#13;<br \/>\n&#13;<br \/>\n&#13;<br \/>\n&#13;<br \/>\n&#13;<br \/>\n&#13;<br \/>\n&#13;<br \/>\n&#13;<br \/>\n&#13;<br \/>\n&#13;<br \/>\n&#13;<br \/>\n&#13;<br \/>\n&#13;<br \/>\n&#13;<br \/>\n&#13;<br \/>\n&#13;<br \/>\n&#13;<br \/>\n&#13;<br \/>\n&#13;<br \/>\n&#13;<br \/>\n&#13;<br \/>\n&#13;<br \/>\n&#13;<br \/>\n&#13;<br \/>\n&#13;<br \/>\n&#13;<br \/>\n&#13;<br \/>\n&#13;<br \/>\n&#13;<br \/>\n&#13;<br \/>\n&#13;\n<\/p>\n<p class=\"chapter-paragraph\">Il Pd chiede le immediate dimissioni di Pescante e la convocazione della Vigilanza per chiedere ai vertici Rai di <b>\u00abstabilire un codice di autoregolamentazione\u00bb, soprattutto di dirigenti, direttori e vicedirettori. <\/b>Ma una policy del genere in Rai dovrebbe gi\u00e0 esistere. Sandro Ruotolo, responsabile informazione della segreteria nazionale del Pd, denuncia infine un altro post del <a href=\"https:\/\/roma.corriere.it\/notizie\/cronaca\/25_settembre_28\/focolari-nel-ricordo-dei-colleghi-licenziato-dalla-rai-e-massacrato-nell-immagine-l-amore-per-la-famiglia-e-la-lazio-27d91b7e-844c-498c-9e81-071bccc35xlk.shtml\" title=\"Focolari nel ricordo dei colleghi: \u00abLicenziato dalla Rai e massacrato nell&#039;immagine\u00bb. L&#039;amore per la famiglia e la Lazio\" rel=\"nofollow noopener\" target=\"_blank\">vicedirettore di Rai Sport<\/a>, in cui si leggerebbe: \u00abCon la violenza non si risolve niente, figurati senza\u00bb.<br \/>Dalla Rai, per ora, nessuna replica.<\/p>\n<p class=\"is-last-update\" datetime=\"2026-01-05T14:19:38+01:00\">5 gennaio 2026 ( modifica il 5 gennaio 2026 | 14:19)<\/p>\n<p class=\"is-copyright\">\n            \u00a9 RIPRODUZIONE RISERVATA\n        <\/p>\n","protected":false},"excerpt":{"rendered":"Ha pubblicato un post il 26 dicembre: \u00abLe radici non gelano\u00bb con l&#8217;immagine dell&#8217;Msi. Pd e M5S in&hellip;\n","protected":false},"author":3,"featured_media":292196,"comment_status":"","ping_status":"","sticky":false,"template":"","format":"standard","meta":{"footnotes":""},"categories":[1444],"tags":[100950,1888,476,6929,203,3060,171748,204,1537,90,89,29,490,171749,63433,171750,978,5071,2848,146611,7299,171751,171752,245,253,103163,93093],"class_list":{"0":"post-292195","1":"post","2":"type-post","3":"status-publish","4":"format-standard","5":"has-post-thumbnail","7":"category-tv","8":"tag-carotenuto","9":"tag-dicembre","10":"tag-dimissioni","11":"tag-dirigenti","12":"tag-entertainment","13":"tag-fiamma","14":"tag-gelano","15":"tag-intrattenimento","16":"tag-it","17":"tag-italia","18":"tag-italy","19":"tag-partito","20":"tag-pd","21":"tag-pd-vigilanza","22":"tag-pescante","23":"tag-pescante-vicedirettore","24":"tag-post","25":"tag-radici","26":"tag-rai","27":"tag-rai-sport","28":"tag-riccardo","29":"tag-riccardo-pescante","30":"tag-riccardo-pescante-vicedirettore","31":"tag-sport","32":"tag-tv","33":"tag-vicedirettore","34":"tag-vigilanza"},"share_on_mastodon":{"url":"https:\/\/pubeurope.com\/@it\/115842975227176684","error":""},"_links":{"self":[{"href":"https:\/\/www.europesays.com\/it\/wp-json\/wp\/v2\/posts\/292195","targetHints":{"allow":["GET"]}}],"collection":[{"href":"https:\/\/www.europesays.com\/it\/wp-json\/wp\/v2\/posts"}],"about":[{"href":"https:\/\/www.europesays.com\/it\/wp-json\/wp\/v2\/types\/post"}],"author":[{"embeddable":true,"href":"https:\/\/www.europesays.com\/it\/wp-json\/wp\/v2\/users\/3"}],"replies":[{"embeddable":true,"href":"https:\/\/www.europesays.com\/it\/wp-json\/wp\/v2\/comments?post=292195"}],"version-history":[{"count":0,"href":"https:\/\/www.europesays.com\/it\/wp-json\/wp\/v2\/posts\/292195\/revisions"}],"wp:featuredmedia":[{"embeddable":true,"href":"https:\/\/www.europesays.com\/it\/wp-json\/wp\/v2\/media\/292196"}],"wp:attachment":[{"href":"https:\/\/www.europesays.com\/it\/wp-json\/wp\/v2\/media?parent=292195"}],"wp:term":[{"taxonomy":"category","embeddable":true,"href":"https:\/\/www.europesays.com\/it\/wp-json\/wp\/v2\/categories?post=292195"},{"taxonomy":"post_tag","embeddable":true,"href":"https:\/\/www.europesays.com\/it\/wp-json\/wp\/v2\/tags?post=292195"}],"curies":[{"name":"wp","href":"https:\/\/api.w.org\/{rel}","templated":true}]}}