{"id":292621,"date":"2026-01-05T20:05:11","date_gmt":"2026-01-05T20:05:11","guid":{"rendered":"https:\/\/www.europesays.com\/it\/292621\/"},"modified":"2026-01-05T20:05:11","modified_gmt":"2026-01-05T20:05:11","slug":"maltempo-a-roma-volo-della-befana-annullato-a-piazza-navona-ordinanza-del-sindaco-chiusi-parchi-e-cimiteri","status":"publish","type":"post","link":"https:\/\/www.europesays.com\/it\/292621\/","title":{"rendered":"Maltempo a Roma, volo della Befana annullato a piazza Navona. Ordinanza del sindaco: chiusi parchi e cimiteri"},"content":{"rendered":"<p>    di<br \/>\n    Valeria Costantini<\/p>\n<p class=\"summary-art is-line-h-12\">Il 6 gennaio divieto di accesso nelle ville della Capitale. Allerta per i fiumi. Lucarelli: \u00abBefana, scelta pi\u00f9 responsabile\u00bb<\/p>\n<p class=\"chapter-paragraph\">Allerta arancione per il maltempo e scatta l&#8217;ordinanza del sindaco Roberto Gualtieri: parchi chiusi per la giornata del<b> 6 gennaio<\/b> e\u00a0\u00absalta\u00bb la<a href=\"https:\/\/roma.corriere.it\/notizie\/cronaca\/26_gennaio_05\/befana-gli-appuntamenti-a-roma-volo-bagnato-le-previsioni-annunciano-pioggia-ma-sara-lo-stesso-caccia-alla-calza-aba4f75c-8bd2-4fc4-b512-874e974efxlk.shtml\" rel=\"nofollow noopener\" target=\"_blank\"> Befana a piazza Navona<\/a>. I forti <b>nubifragi <\/b>che in queste ore si stanno abbattendo sulla Capitale e nel resto del Lazio, hanno provocato numerosi <b>disagi <\/b>e <a href=\"https:\/\/roma.corriere.it\/notizie\/cronaca\/26_gennaio_05\/maltempo-due-20enni-intrappolate-nel-seminterrato-allagato-salvate-dai-vigili-del-fuoco-a-trigoria-a-ciampino-crolla-una-93d645ee-c00a-4271-9942-cc575bbc1xlk.shtml?refresh_ce\" rel=\"nofollow noopener\" target=\"_blank\">allagamenti <\/a>in tutta la citt\u00e0, con pesanti ripercussioni per la rete viaria e ferroviaria.<\/p>\n<p class=\"chapter-paragraph\">Alta <b>l&#8217;allerta <\/b>specialmente per i <b>fiumi<\/b>, con le banchine del Tevere chiuse nel tratto urbano e <b>l&#8217;Aniene <\/b>esondato in diverse aree, appena fuori il centro citt\u00e0. Intensi temporali che, da previsioni meteo, dovrebbero proseguire per le prossime 24-36 ore. Con l&#8217;allerta arancione diramata dalla Protezione civile, \u00e8 arrivata anche l&#8217;ordinanza firmata dal primo cittadino che prevede diverse <b>cautele e divieti\u00a0<\/b>a tutela della cittadinanza.\u00a0    &#13;<br \/>\n&#13;<br \/>\n&#13;<br \/>\n&#13;<br \/>\n&#13;<br \/>\n&#13;<br \/>\n&#13;<br \/>\n&#13;<br \/>\n&#13;<br \/>\n&#13;<br \/>\n&#13;<br \/>\n&#13;<br \/>\n&#13;<br \/>\n&#13;<br \/>\n&#13;<br \/>\n&#13;<br \/>\n&#13;<br \/>\n&#13;<br \/>\n&#13;<br \/>\n&#13;<br \/>\n&#13;<br \/>\n&#13;<br \/>\n&#13;<br \/>\n&#13;<br \/>\n&#13;<br \/>\n&#13;<br \/>\n&#13;<br \/>\n&#13;<br \/>\n&#13;<br \/>\n&#13;<br \/>\n&#13;<br \/>\n&#13;<br \/>\n&#13;<br \/>\n&#13;<br \/>\n&#13;<br \/>\n&#13;<br \/>\n&#13;<br \/>\n&#13;<br \/>\n&#13;<br \/>\n&#13;<br \/>\n&#13;<br \/>\n&#13;<br \/>\n&#13;<br \/>\n&#13;<br \/>\n&#13;<br \/>\n&#13;<br \/>\n&#13;<br \/>\n&#13;<br \/>\n&#13;<br \/>\n&#13;<br \/>\n&#13;<br \/>\n&#13;<br \/>\n&#13;\n<\/p>\n<p>    Evitare sottopassi e moli, chiusi i cimiteri<\/p>\n<p class=\"chapter-paragraph\">Nel provvedimento , al fine di prevenire pericoli per la sicurezza delle persone e fino al termine dell&#8217;emergenza, si ordina il\u00a0\u00ab<b>divieto <\/b>di svolgimento di attivit\u00e0 aggregative ludico-creative e a carattere sportivo su aree pubbliche o esposte\u00bb, appunto come per l&#8217;evento della <b>Befana <\/b>previsto alle ore 14 a <b>piazza Navona<\/b>\u00a0(che rimarr\u00e0 comunque operativa con i suoi banchi). Inoltre c&#8217;\u00e8 \u00abil divieto di accesso, transito e circolazione alle <b>aree verdi<\/b>, ai giardini, ai parchi e alle ville storiche\u00bb. Chiusi al pubblico i <b>cimiteri <\/b>cittadini, salvi gli adempimenti improcrastinabili per i servizi funebri. Si raccomanda alla cittadinanza anche di <b>evitare <\/b>i <b>sottopassi <\/b>o gli argini dei <b>fiumi<\/b>, evitare seminterrati o luoghi all&#8217;aperto se possibile, prestare cautela anche in prossimit\u00e0 delle localit\u00e0 costiere o sostare su pontili o moli.\u00a0<\/p>\n<p>    La sicurezza<\/p>\n<p class=\"chapter-paragraph\">Massimo l&#8217;impegno, come invoca Gualtieri nell&#8217;ordinanza, delle forze di polizia e soccorso sul territorio da coordinare attraverso i Coc, attivato anche il Dipartimento politiche sociali per la <b>vigilanza <\/b>e l&#8217;assistenza delle persone senza fissa <b>dimora<\/b>, ampliando la rete territoriale per le situazioni di fragilit\u00e0, con speciale riguardo alle aree costiere, all<b>&#8216;Idroscalo di Ostia<\/b> come nel bacino dell&#8217;Aniene.<\/p>\n<p>    Lucarelli: niente Befana, scelta di sicurezza<\/p>\n<p class=\"chapter-paragraph\">\u00abIn seguito all\u2019ordinanza emanata dal Sindaco di Roma Capitale <b>Roberto Gualtieri<\/b>, la tradizionale discesa della <b>Befana <\/b>dei Vigili del Fuoco prevista per domani a Piazza Navona non potr\u00e0 svolgersi per motivi di sicurezza. &#8211; dichiara Monica Lucarelli, assessora alle Attivit\u00e0 Produttive &#8211; La decisione \u00e8 legata all\u2019allerta <b>meteo arancione <\/b>diramata per l\u2019intero territorio regionale e alle conseguenti misure precauzionali adottate a tutela dell\u2019incolumit\u00e0 pubblica.<\/p>\n<p class=\"chapter-paragraph\">La Festa di <b>Piazza Navona <\/b>si \u00e8 per\u00f2 gi\u00e0 pienamente realizzata nelle settimane precedenti, registrando un numero di presenze superiori a quelle degli anni scorsi con picchi fino a <b>7.000 <\/b>persone nei festivi e prefestivi, restituendo alla citt\u00e0 un mese di festa costruito attorno a scelte precise: rimettere al centro la tradizione, l\u2019artigianato, la qualit\u00e0 dell\u2019offerta e il valore della comunit\u00e0.\u00a0Dispiace dover rinunciare alla <b>discesa <\/b>della Befana, un momento molto atteso soprattutto dai pi\u00f9 <b>piccoli<\/b>. \u00c8 una decisione necessaria, che Roma Capitale assume con <b>responsabilit\u00e0<\/b>, pur nella consapevolezza del valore simbolico e affettivo che questo appuntamento riveste per la citt\u00e0. La sicurezza delle persone viene prima di tutto\u00bb.\u00a0<\/p>\n<p class=\"is-mr-t-20 is-mr-b-20\"><b><br \/>\n                    <a href=\"https:\/\/roma.corriere.it\/?intcmp=Notizielocali_nd_010623_corriere_ss_roma\" target=\"_blank\" rel=\"nofollow noopener\">Vai a tutte le notizie di Roma<\/a><br \/>\n            <\/b><\/p>\n<p class=\"chapter-paragraph\"><b><a href=\"https:\/\/www.corriere.it\/newsletter\/?theme=52&amp;intcmp=NL-artic_nd_050624_corriere_ss_roma\" target=\"_blank\" rel=\"nofollow noopener\">Iscriviti alla newsletter di Corriere Roma<\/a><\/b><\/p>\n<p class=\"is-last-update\" datetime=\"2026-01-05T19:00:14+01:00\">5 gennaio 2026 ( modifica il 5 gennaio 2026 | 19:00)<\/p>\n<p class=\"is-copyright\">\n            \u00a9 RIPRODUZIONE RISERVATA\n        <\/p>\n","protected":false},"excerpt":{"rendered":"di Valeria Costantini Il 6 gennaio divieto di accesso nelle ville della Capitale. Allerta per i fiumi. Lucarelli:&hellip;\n","protected":false},"author":3,"featured_media":292622,"comment_status":"","ping_status":"","sticky":false,"template":"","format":"standard","meta":{"footnotes":""},"categories":[79],"tags":[2748,4167,46234,140406,17784,171905,1018,1498,146117,171906,392,104,40360,20824,6657,171907,171908,171909,14,93,94,1368,171910,13227,171911,5115,704,171912,1342,171913,2217,35852,26701,1537,90,89,34348,114684,7,15,12849,29047,5543,114685,987,863,19,11,84,91,12,85,92],"class_list":{"0":"post-292621","1":"post","2":"type-post","3":"status-publish","4":"format-standard","5":"has-post-thumbnail","7":"category-italia","8":"tag-accesso","9":"tag-allerta","10":"tag-allerta-arancione","11":"tag-aniene","12":"tag-arancione","13":"tag-arancione-diramata","14":"tag-aree","15":"tag-attivita","16":"tag-befana","17":"tag-befana-scelta","18":"tag-capitale","19":"tag-centro","20":"tag-chiusi","21":"tag-cimiteri","22":"tag-cittadinanza","23":"tag-cittadinanza-evitare","24":"tag-cittadinanza-evitare-sottopassi","25":"tag-costiere","26":"tag-cronaca","27":"tag-cronaca-italiana","28":"tag-cronacaitaliana","29":"tag-decisione","30":"tag-diramata","31":"tag-discesa","32":"tag-discesa-befana","33":"tag-diverse","34":"tag-divieto","35":"tag-divieto-accesso","36":"tag-evitare","37":"tag-evitare-sottopassi","38":"tag-festa","39":"tag-fiumi","40":"tag-gualtieri","41":"tag-it","42":"tag-italia","43":"tag-italy","44":"tag-lucarelli","45":"tag-navona","46":"tag-news","47":"tag-notizie","48":"tag-ordinanza","49":"tag-parchi","50":"tag-piazza","51":"tag-piazza-navona","52":"tag-roma","53":"tag-sicurezza","54":"tag-sindaco","55":"tag-ultime-notizie","56":"tag-ultime-notizie-e-news-di-oggi","57":"tag-ultime-notizie-italia","58":"tag-ultimenotizie","59":"tag-ultimenotizieenewsdioggi","60":"tag-ultimenotizieitalia"},"share_on_mastodon":{"url":"","error":"Validation failed: Text character limit of 500 exceeded"},"_links":{"self":[{"href":"https:\/\/www.europesays.com\/it\/wp-json\/wp\/v2\/posts\/292621","targetHints":{"allow":["GET"]}}],"collection":[{"href":"https:\/\/www.europesays.com\/it\/wp-json\/wp\/v2\/posts"}],"about":[{"href":"https:\/\/www.europesays.com\/it\/wp-json\/wp\/v2\/types\/post"}],"author":[{"embeddable":true,"href":"https:\/\/www.europesays.com\/it\/wp-json\/wp\/v2\/users\/3"}],"replies":[{"embeddable":true,"href":"https:\/\/www.europesays.com\/it\/wp-json\/wp\/v2\/comments?post=292621"}],"version-history":[{"count":0,"href":"https:\/\/www.europesays.com\/it\/wp-json\/wp\/v2\/posts\/292621\/revisions"}],"wp:featuredmedia":[{"embeddable":true,"href":"https:\/\/www.europesays.com\/it\/wp-json\/wp\/v2\/media\/292622"}],"wp:attachment":[{"href":"https:\/\/www.europesays.com\/it\/wp-json\/wp\/v2\/media?parent=292621"}],"wp:term":[{"taxonomy":"category","embeddable":true,"href":"https:\/\/www.europesays.com\/it\/wp-json\/wp\/v2\/categories?post=292621"},{"taxonomy":"post_tag","embeddable":true,"href":"https:\/\/www.europesays.com\/it\/wp-json\/wp\/v2\/tags?post=292621"}],"curies":[{"name":"wp","href":"https:\/\/api.w.org\/{rel}","templated":true}]}}