{"id":293300,"date":"2026-01-06T07:34:11","date_gmt":"2026-01-06T07:34:11","guid":{"rendered":"https:\/\/www.europesays.com\/it\/293300\/"},"modified":"2026-01-06T07:34:11","modified_gmt":"2026-01-06T07:34:11","slug":"calciomercato-le-notizie-di-oggi-balzo-barcellona-per-cancelo-scavalcata-linter-juventus-ritorno-su-chiesa-il-nodo-e-il-prestito-raspadori-continua-a-non-decidere","status":"publish","type":"post","link":"https:\/\/www.europesays.com\/it\/293300\/","title":{"rendered":"Calciomercato, le notizie di oggi: Balzo Barcellona per Cancelo, scavalcata l&#8217;Inter. Juventus, ritorno su Chiesa: il nodo \u00e8 il prestito. Raspadori continua a non decidere"},"content":{"rendered":"<p>\t\t\tRaspadori, rimandato il suo possibile addio: la situazione<\/p>\n<p>(Nicol\u00f2 Franceschin, red. Gianlucadimarzio.com) Con ogni probabilit\u00e0, la situazione legata a <b>Giacomo Raspadori<\/b> non trover\u00e0 una risposta certa in queste ore. Il ragazzo, infatti, continua a essere combattuto e <b>non ha ancora preso una decisione sul suo futuro<\/b>. Si trova bene in Spagna e ha la fiducia di Simeone. Al momento, <b>il giocatore non se la sente di lasciare l&#8217;Atletico Madrid<\/b>. La squadra domani partir\u00e0 per l&#8217;Arabia, dove giocher\u00e0 la Supercoppa, e Raspadori vuole esserci. La societ\u00e0, per\u00f2, lo ritiene un giocatore in uscita ed \u00e8 aperta a valutare le varie offerte arrivate, come quella della Roma, o che potrebbero arrivare, con Lazio, Napoli, Atalanta e Galatasaray interessate all&#8217;attaccante. Da valutare eventualmente anche la formula del trasferimento e la classifica della squadra dove andrebbe a giocare. La situazione per ora resta ferma con Raspadori che vuole giocarsi le sue carte in Arabia. Nuovi sviluppi sono attesi la prossima settimana, al termine della competizione.<\/p>\n","protected":false},"excerpt":{"rendered":"Raspadori, rimandato il suo possibile addio: la situazione (Nicol\u00f2 Franceschin, red. Gianlucadimarzio.com) Con ogni probabilit\u00e0, la situazione legata&hellip;\n","protected":false},"author":3,"featured_media":49968,"comment_status":"","ping_status":"","sticky":false,"template":"","format":"standard","meta":{"footnotes":"","_share_on_mastodon":"0"},"categories":[1452],"tags":[579,33592,2983,50020,3357,6315,569,562,27679,33533,172328,172329,351,172327,172330,51054,172331,172332,2281,721,1856,134168,172333,172334,6880,51672,169636,169637,28072,819,554,555,4435,934,595,6018,2263,1740,22271,22272,22273,2246,556,557,564,24161,31548,350,1537,90,89,558,5188,5364,2923,248,28075,28076,169638,10363,1693,4483,13201,6840,22268,559,560,561,4172,3675,786,1739,6059,245,244,1857,3375,5361,566,567,568,3616,38096],"class_list":["post-293300","post","type-post","status-publish","format-standard","has-post-thumbnail","category-calcio","tag-accordo","tag-acerbi","tag-addio","tag-amorim","tag-arabia","tag-arrivata","tag-atalanta","tag-attaccante","tag-baldanzi","tag-balzo","tag-balzo-barcellona","tag-balzo-barcellona-cancelo","tag-barcellona","tag-barcellona-cancelo","tag-barcellona-cancelo-scavalcata","tag-brescianini","tag-brescianini-atalanta","tag-brescianini-baldanzi","tag-calciatore","tag-calcio","tag-campionato","tag-cancelo","tag-cancelo-scavalcata","tag-cancelo-scavalcata-inter","tag-capire","tag-castellanos","tag-castellanos-west","tag-castellanos-west-ham","tag-ceduto","tag-chiesa","tag-club","tag-com","tag-contatti","tag-continua","tag-definitivo","tag-dovrebbe","tag-fiorentina","tag-football","tag-franceschin","tag-franceschin-red","tag-franceschin-red-gianlucadimarzio","tag-galatasaray","tag-gianlucadimarzio","tag-gianlucadimarzio-com","tag-giocatore","tag-ham","tag-hilal","tag-inter","tag-it","tag-italia","tag-italy","tag-juventus","tag-lazio","tag-manchester","tag-manchester-united","tag-napoli","tag-nicolo","tag-nicolo-franceschin","tag-nicolo-franceschin-red","tag-nodo","tag-nome","tag-nuovi","tag-portoghese","tag-prestito","tag-raspadori","tag-red","tag-red-gianlucadimarzio","tag-red-gianlucadimarzio-com","tag-risposta","tag-ritorno","tag-situazione","tag-soccer","tag-spagna","tag-sport","tag-sports","tag-squadra","tag-tecnico","tag-united","tag-valentino","tag-valentino-red","tag-valentino-red-gianlucadimarzio","tag-west","tag-west-ham"],"share_on_mastodon":{"url":"","error":"Validation failed: Text character limit of 500 exceeded"},"_links":{"self":[{"href":"https:\/\/www.europesays.com\/it\/wp-json\/wp\/v2\/posts\/293300","targetHints":{"allow":["GET"]}}],"collection":[{"href":"https:\/\/www.europesays.com\/it\/wp-json\/wp\/v2\/posts"}],"about":[{"href":"https:\/\/www.europesays.com\/it\/wp-json\/wp\/v2\/types\/post"}],"author":[{"embeddable":true,"href":"https:\/\/www.europesays.com\/it\/wp-json\/wp\/v2\/users\/3"}],"replies":[{"embeddable":true,"href":"https:\/\/www.europesays.com\/it\/wp-json\/wp\/v2\/comments?post=293300"}],"version-history":[{"count":0,"href":"https:\/\/www.europesays.com\/it\/wp-json\/wp\/v2\/posts\/293300\/revisions"}],"wp:featuredmedia":[{"embeddable":true,"href":"https:\/\/www.europesays.com\/it\/wp-json\/wp\/v2\/media\/49968"}],"wp:attachment":[{"href":"https:\/\/www.europesays.com\/it\/wp-json\/wp\/v2\/media?parent=293300"}],"wp:term":[{"taxonomy":"category","embeddable":true,"href":"https:\/\/www.europesays.com\/it\/wp-json\/wp\/v2\/categories?post=293300"},{"taxonomy":"post_tag","embeddable":true,"href":"https:\/\/www.europesays.com\/it\/wp-json\/wp\/v2\/tags?post=293300"}],"curies":[{"name":"wp","href":"https:\/\/api.w.org\/{rel}","templated":true}]}}