{"id":293819,"date":"2026-01-06T15:13:10","date_gmt":"2026-01-06T15:13:10","guid":{"rendered":"https:\/\/www.europesays.com\/it\/293819\/"},"modified":"2026-01-06T15:13:10","modified_gmt":"2026-01-06T15:13:10","slug":"goretzka-napoli-clamoroso-la-trattativa-risulta-ben-avviata-le-ultime","status":"publish","type":"post","link":"https:\/\/www.europesays.com\/it\/293819\/","title":{"rendered":"Goretzka-Napoli, clamoroso: la trattativa risulta ben avviata! Le ultime"},"content":{"rendered":"<p>Clamoroso colpo di scena in casa Napoli<\/p>\n<p>Il mercato del Napoli entra nel vivo: tra i nomi pi\u00f9 caldi c\u2019\u00e8 quello di Goretzka, per il quale \u00e8 gi\u00e0 stato avanzato un contratto di tre anni. Proprio su questo si \u00e8 soffermata l&#8217;edizione odierna de <a href=\"https:\/\/www.calcionapoli1926.it\/ultimissime-calcio-napoli\/prime-pagine-giornali-sportivi-oggi-il-napoli-sui-media-6-gennaio\/\" rel=\"nofollow noopener\" target=\"_blank\">Il Mattino<\/a>.<\/p>\n<p>Goretzka-Napoli, le ultime\u2014 \u00a0<\/p>\n<p>&#8220;Goretzka, 30 anni, ha personalit\u00e0 e qualit\u00e0 ma anche un ingaggio elevato. Almeno all&#8217;inizio dovr\u00e0 accontentarsi, proprio per rispettare il parametro del monte-ingaggi, ma per l&#8217;estate ci sarebbe il ritocco. Offerto un triennale e la trattativa \u00e8 ben avviata&#8221;<\/p>\n<p class=\"is-copyright\">\u00a9 RIPRODUZIONE RISERVATA<\/p>\n","protected":false},"excerpt":{"rendered":"Clamoroso colpo di scena in casa Napoli Il mercato del Napoli entra nel vivo: tra i nomi pi\u00f9&hellip;\n","protected":false},"author":3,"featured_media":293820,"comment_status":"","ping_status":"","sticky":false,"template":"","format":"standard","meta":{"footnotes":""},"categories":[1452],"tags":[65683,391,172722,721,17923,1740,140627,1537,90,89,248,1739,245,244],"class_list":{"0":"post-293819","1":"post","2":"type-post","3":"status-publish","4":"format-standard","5":"has-post-thumbnail","7":"category-calcio","8":"tag-avviata","9":"tag-ben","10":"tag-ben-avviata","11":"tag-calcio","12":"tag-clamoroso","13":"tag-football","14":"tag-goretzka","15":"tag-it","16":"tag-italia","17":"tag-italy","18":"tag-napoli","19":"tag-soccer","20":"tag-sport","21":"tag-sports"},"share_on_mastodon":{"url":"https:\/\/pubeurope.com\/@it\/115848806638174009","error":""},"_links":{"self":[{"href":"https:\/\/www.europesays.com\/it\/wp-json\/wp\/v2\/posts\/293819","targetHints":{"allow":["GET"]}}],"collection":[{"href":"https:\/\/www.europesays.com\/it\/wp-json\/wp\/v2\/posts"}],"about":[{"href":"https:\/\/www.europesays.com\/it\/wp-json\/wp\/v2\/types\/post"}],"author":[{"embeddable":true,"href":"https:\/\/www.europesays.com\/it\/wp-json\/wp\/v2\/users\/3"}],"replies":[{"embeddable":true,"href":"https:\/\/www.europesays.com\/it\/wp-json\/wp\/v2\/comments?post=293819"}],"version-history":[{"count":0,"href":"https:\/\/www.europesays.com\/it\/wp-json\/wp\/v2\/posts\/293819\/revisions"}],"wp:featuredmedia":[{"embeddable":true,"href":"https:\/\/www.europesays.com\/it\/wp-json\/wp\/v2\/media\/293820"}],"wp:attachment":[{"href":"https:\/\/www.europesays.com\/it\/wp-json\/wp\/v2\/media?parent=293819"}],"wp:term":[{"taxonomy":"category","embeddable":true,"href":"https:\/\/www.europesays.com\/it\/wp-json\/wp\/v2\/categories?post=293819"},{"taxonomy":"post_tag","embeddable":true,"href":"https:\/\/www.europesays.com\/it\/wp-json\/wp\/v2\/tags?post=293819"}],"curies":[{"name":"wp","href":"https:\/\/api.w.org\/{rel}","templated":true}]}}