{"id":294296,"date":"2026-01-06T22:18:13","date_gmt":"2026-01-06T22:18:13","guid":{"rendered":"https:\/\/www.europesays.com\/it\/294296\/"},"modified":"2026-01-06T22:18:13","modified_gmt":"2026-01-06T22:18:13","slug":"tre-sfide-decisive-per-la-stagione","status":"publish","type":"post","link":"https:\/\/www.europesays.com\/it\/294296\/","title":{"rendered":"tre sfide decisive per la stagione"},"content":{"rendered":"<p>\t\t\t\t\t\t\t\t\t\t\t\t\t\t\t\t\t\t\t\t\t\t\t\t\t\t\t\t\t<img decoding=\"async\" loading=\"lazy\" fetchpriority=\"low\" width=\"610\" height=\"431\" src=\"https:\/\/www.europesays.com\/it\/wp-content\/uploads\/2026\/01\/generico-05-jan-2026-2014774.610x431.jpg\" alt=\"Generico 05 Jan 2026\"\/>\t\t\t\t\t\t\t\t\t\t\t\t\t\t\t\t\t\t\t<\/p>\n<p>In attesa della sfida di domenica contro la Savino del Bene Scandicci, per la Eurotek Laica Busto Arsizio scatta gi\u00e0 il conto alla rovescia verso il \u201cGran Finale\u201d della regular season. Gioved\u00ec 8 gennaio aprono infatti le prevendite per le ultime tre gare casalinghe alla e-work arena, un vero e proprio trittico da vivere tutto d\u2019un fiato.<\/p>\n<p>Tre partite che possono indirizzare in modo decisivo la corsa in classifica delle farfalle: due scontri diretti fondamentali e un big-match attesissimo, destinato a catalizzare l\u2019attenzione di tutto il movimento.<\/p>\n<p>Il calendario delle ultime tre gare interne<\/p>\n<p>Marted\u00ec 20 gennaio \u2013 ore 20.30<br \/>UYBA \u2013 Monviso<\/p>\n<p>Domenica 8 febbraio \u2013 ore 17.00<br \/>UYBA \u2013 Firenze<\/p>\n<p>Sabato 14 febbraio \u2013 ore 20.30<br \/>UYBA \u2013 Numia Vero Volley Milano<\/p>\n<p>Proprio la sfida con Milano rappresenta il clou del programma: il confronto con la formazione guidata in campo da Paola Egonu \u00e8 uno degli appuntamenti pi\u00f9 attesi dell\u2019intera stagione. Intanto \u00e8 gi\u00e0 attiva anche la prevendita per la gara di domenica alle 17 contro Scandicci: il parterre risulta gi\u00e0 completamente esaurito, segnale di un entusiasmo crescente attorno alla squadra bustocca.<\/p>\n<p>Biglietti e promozioni<\/p>\n<p>I biglietti saranno disponibili da gioved\u00ec alle ore 10 sul <a href=\"https:\/\/volleybusto.vivaticket.it\/\" rel=\"nofollow noopener\" target=\"_blank\">sito ufficiale <\/a>e in tutti i punti vendita VivaTicket.<\/p>\n<p>Sono inoltre previste promo dedicate alle societ\u00e0 sportive per tutte le partite. \u00c8 attivo un servizio di prenotazione riservata (settore Curva ADF) fino a 48 ore prima della gara, scrivendo a: <a href=\"https:\/\/www.varesenews.it\/2026\/01\/uyba-apre-la-prevendita-per-il-gran-finale-alla-e-work-arena-tre-sfide-decisive-per-la-stagione\/2451271\/mailto:tickets@volleybusto.com\" rel=\"nofollow noopener\" target=\"_blank\">tickets@volleybusto.com<\/a><\/p>\n<p>Tariffe dedicate:<\/p>\n<p>Atleti: fino a 20 biglietti omaggio, ulteriori a pagamento<\/p>\n<p>Under 12: ingresso gratuito<\/p>\n<p>Accompagnatori: 15 euro (20 euro per la gara con Milano)<\/p>\n","protected":false},"excerpt":{"rendered":"In attesa della sfida di domenica contro la Savino del Bene Scandicci, per la Eurotek Laica Busto Arsizio&hellip;\n","protected":false},"author":3,"featured_media":294297,"comment_status":"","ping_status":"","sticky":false,"template":"","format":"standard","meta":{"footnotes":"","_share_on_mastodon":"0"},"categories":[1474],"tags":[1537,90,89,245,244,71252,1869],"class_list":["post-294296","post","type-post","status-publish","format-standard","has-post-thumbnail","category-volley","tag-it","tag-italia","tag-italy","tag-sport","tag-sports","tag-uyba","tag-volley"],"share_on_mastodon":{"url":"https:\/\/pubeurope.com\/@it\/115850477770572547","error":""},"_links":{"self":[{"href":"https:\/\/www.europesays.com\/it\/wp-json\/wp\/v2\/posts\/294296","targetHints":{"allow":["GET"]}}],"collection":[{"href":"https:\/\/www.europesays.com\/it\/wp-json\/wp\/v2\/posts"}],"about":[{"href":"https:\/\/www.europesays.com\/it\/wp-json\/wp\/v2\/types\/post"}],"author":[{"embeddable":true,"href":"https:\/\/www.europesays.com\/it\/wp-json\/wp\/v2\/users\/3"}],"replies":[{"embeddable":true,"href":"https:\/\/www.europesays.com\/it\/wp-json\/wp\/v2\/comments?post=294296"}],"version-history":[{"count":0,"href":"https:\/\/www.europesays.com\/it\/wp-json\/wp\/v2\/posts\/294296\/revisions"}],"wp:featuredmedia":[{"embeddable":true,"href":"https:\/\/www.europesays.com\/it\/wp-json\/wp\/v2\/media\/294297"}],"wp:attachment":[{"href":"https:\/\/www.europesays.com\/it\/wp-json\/wp\/v2\/media?parent=294296"}],"wp:term":[{"taxonomy":"category","embeddable":true,"href":"https:\/\/www.europesays.com\/it\/wp-json\/wp\/v2\/categories?post=294296"},{"taxonomy":"post_tag","embeddable":true,"href":"https:\/\/www.europesays.com\/it\/wp-json\/wp\/v2\/tags?post=294296"}],"curies":[{"name":"wp","href":"https:\/\/api.w.org\/{rel}","templated":true}]}}