{"id":294332,"date":"2026-01-06T22:52:20","date_gmt":"2026-01-06T22:52:20","guid":{"rendered":"https:\/\/www.europesays.com\/it\/294332\/"},"modified":"2026-01-06T22:52:20","modified_gmt":"2026-01-06T22:52:20","slug":"chivu-torna-a-parma-la-salvezza-la-chiamata-di-marotta-e-quellinversione-a-u","status":"publish","type":"post","link":"https:\/\/www.europesays.com\/it\/294332\/","title":{"rendered":"Chivu torna a Parma: la salvezza, la chiamata di Marotta e quell&#8217;inversione a U"},"content":{"rendered":"<p>                                Qualcuno applaudir\u00e0 in sua direzione, qualcun altro si sentir\u00e0 ancora tradito ma, se esiste riconoscenza, il suono dei battimani dovr\u00e0 essere pi\u00f9 forte delle eventuali manifestazioni di dissenso<\/p>\n<p>            <a class=\"image is-50x50\" href=\"https:\/\/www.gazzetta.it\/collaboratori\/andrea-schianchi\/\" rel=\"nofollow noopener\" target=\"_blank\"><br \/>\n                <img decoding=\"async\" class=\"is-rounded\" src=\"https:\/\/www.europesays.com\/it\/wp-content\/uploads\/2026\/01\/andrea-schianchi_avatar.png\" alt=\"Andrea Schianchi\"\/><br \/>\n            <\/a><\/p>\n<p>Giornalista<\/p>\n<p>                    6 gennaio &#8211; 21:48  &#8211; MILANO<\/p>\n<p class=\"paragraph\" spellcheck=\"true\">&#8220;Questa salvezza vale uno scudetto&#8221;. E ancora: &#8220;Avremo tempo per pensare al futuro, ma non mi vedo in altri posti. Sono riconoscente per quello che mi \u00e8 stato dato. Sono felice qui&#8221;. Parole di Cristian Chivu pronunciate al termine dell&#8217;ultima partita di campionato, nella sala stampa dello stadio di Bergamo, dopo che il suo Parma ha battuto l&#8217;Atalanta in rimonta (da 0-2 a 3-2) e ha conquistato la salvezza.\u00a0\u00c8 la sera di domenica 25 maggio 2025. A Parma si festeggia la permanenza in Serie A, per nulla scontata vista l&#8217;altalena di risultati di una primavera troppo incerta, e soprattutto si guarda al domani con una luce di speranza in pi\u00f9, convinti di aver trovato quel condottiero della panchina che serve per guidare un gruppo di giovanissimi. Chivu, arrivato in Emilia a met\u00e0 febbraio per sostituire Fabio Pecchia, \u00e8 entrato nel cuore del pubblico con la semplicit\u00e0, la sincerit\u00e0 e la chiarezza delle idee.<\/p>\n<p>    l&#8217;inversione a u in autostrada\u2014 \u00a0<\/p>\n<p class=\"paragraph\" spellcheck=\"true\">Quando ha sbagliato non ha avuto paura di dirlo chiaramente davanti a taccuini e microfoni, e questa schiettezza, non frequente nell&#8217;ambiente del calcio, gli ha fatto guadagnare punti. Anche il presidente Kyle Krause e l&#8217;amministratore delegato Federico Cherubini sono convinti della scelta: sar\u00e0 Chivu l&#8217;allenatore del futuro, restano da sistemare alcuni dettagli del contratto, ma non ci sono dubbi sull&#8217;esito finale. Poi succede che, il 31 maggio, l&#8217;Inter subisce una terribile batosta contro il Paris Saint Germain nell&#8217;epilogo di Champions League, Simone Inzaghi decide di preferire i soldi degli arabi e abbandona la barca (senza aver avvisato in precedenza il club, fanno sapere i dirigenti nerazzurri) e l&#8217;Inter si trova senza allenatore e con il Mondiale per Club da preparare in fretta e furia. Dopo un tentativo fallito con Cesc Fabregas, che non intende lasciare il Como, e forse anche qualche altro sondaggio, il presidente Marotta s&#8217;indirizza sulla pista Chivu. Avverte il Parma e sonda il terreno con il tecnico, il quale proprio in quelle ore ha in programma un incontro con i dirigenti emiliani. D&#8217;accordo, ha detto tra virgolette &#8220;non mi vedo in altri posti. Sono felice qui&#8221;, per\u00f2 se chiama l&#8217;Inter, che tra l&#8217;altro \u00e8 la squadra dove ha vinto il Triplete con Mourinho nel 2010 e ha iniziato il percorso da tecnico con la squadre giovanili, beh a quel punto forse vale la pena fare uno stop in autostrada, sulla corsia di emergenza, prendere un respiro profondo, riflettere e, magari, decidere di uscire al casello successivo e invertire la rotta.<\/p>\n<p>    il suo spogliatoio\u2014 \u00a0<\/p>\n<p class=\"paragraph\" spellcheck=\"true\">\u00c8\u00a0esattamente ci\u00f2 che fa Chivu, consapevole che la chiamata dell&#8217;Inter \u00e8 un&#8217;opportunit\u00e0 che difficilmente capita due volte nella vita. E le parole pronunciate nella sala stampa di Bergamo? E quel volto rigato dalle lacrime dopo la salvezza ottenuta? Emozioni di un istante, cos\u00ec vengono catalogate. Il pubblico di Parma resta abbastanza sorpreso dall&#8217;evolversi della situazione, ma allo stesso tempo \u00e8 sufficientemente maturo da capire che tra la panchina degli emiliani e quella dell&#8217;Inter c&#8217;\u00e8 una bella differenza. Semmai, tra i tifosi, si fa largo l&#8217;orgoglio per aver messo in mostra le qualit\u00e0 di un allenatore che ha saputo guadagnarsi un futuro dorato. Con il Parma, in pochi mesi, ha raddrizzato una barca che stava pericolosamente perdendo la rotta. In tredici partite tre vittorie, tre sconfitte e sette pareggi. Ma le vittorie, contro il Bologna, con la Juve al Tardini (magica zuccata di Pellegrino) e contro l&#8217;Atalanta, restano momenti da incorniciare dopo tanta sofferenza. Cos\u00ec come da incorniciare \u00e8 la gestione dello spogliatoio: Chivu non fa sconti a nessuno, nemmeno al suo connazionale Man che lui prova a rilanciare ma, visto che non ne azzecca una, lo sistema in panchina e non ci fa affidamento.\u00a0<\/p>\n<p>    quale accoglienza al tardini?\u2014 \u00a0<\/p>\n<p class=\"paragraph\" spellcheck=\"true\">Sue le intuizioni che riguardano Ondrejka, Pellegrino e Giovanni Leoni, cui l&#8217;allenatore d\u00e0 fiducia nel periodo pi\u00f9 delicato della stagione e ottiene risposte positive. Chivu, a Parma, fa dello spirito di gruppo e del sacrificio, le principali caratteristiche di una squadra che deve salvarsi, e non gl&#8217;importa nulla di giocare bene e fare spettacolo. Conta il risultato, il resto sono chiacchiere da bar. Stesso atteggiamento che porta all&#8217;Inter, perch\u00e9 questo \u00e8 il carattere del personaggio.  Adesso c&#8217;\u00e8 la curiosit\u00e0 di capire come il pubblico di Parma accoglier\u00e0 Chivu. Se al mondo esiste la riconoscenza, la gente del Tardini dovrebbe alzarsi in piedi al suo ingresso in campo e dedicargli un lungo e sentito applauso. Ci sar\u00e0, invece, chi si sar\u00e0 sentito tradito dalla decisione di scegliere l&#8217;Inter e probabilmente esprimer\u00e0 questo malumore con i fischi. L&#8217;augurio \u00e8 che il suono dei battimani sia talmente forte da coprire le manifestazioni di dissenso, perch\u00e9 a uno come Chivu, per quello che ha fatto in pochissimo tempo e in mezzo a mille problemi, la gente di Parma deve soltanto dire un enorme grazie.<\/p>\n<p class=\"is-copyright\">\u00a9 RIPRODUZIONE RISERVATA<\/p>\n","protected":false},"excerpt":{"rendered":"Qualcuno applaudir\u00e0 in sua direzione, qualcun altro si sentir\u00e0 ancora tradito ma, se esiste riconoscenza, il suono dei&hellip;\n","protected":false},"author":3,"featured_media":294333,"comment_status":"","ping_status":"","sticky":false,"template":"","format":"standard","meta":{"footnotes":"","_share_on_mastodon":"0"},"categories":[1452],"tags":[1960,569,6742,4119,172936,1687,721,6880,8950,2839,554,6917,6929,16417,84562,13093,172937,2245,1740,3440,4965,171233,350,132859,1537,90,89,707,13166,172938,5266,3484,6301,4979,28710,16002,135,156629,179,172939,900,45329,336,18,28708,8820,2762,1739,26936,245,244,1857,408,90356,172940,89453,3375],"class_list":["post-294332","post","type-post","status-publish","format-standard","has-post-thumbnail","category-calcio","tag-allenatore","tag-atalanta","tag-autostrada","tag-barca","tag-battimani","tag-bergamo","tag-calcio","tag-capire","tag-chiamata","tag-chivu","tag-club","tag-convinti","tag-dirigenti","tag-dissenso","tag-emiliani","tag-esiste","tag-esiste-riconoscenza","tag-felice","tag-football","tag-forte","tag-gente","tag-incorniciare","tag-inter","tag-inversione","tag-it","tag-italia","tag-italy","tag-maggio","tag-manifestazioni","tag-manifestazioni-dissenso","tag-marotta","tag-panchina","tag-parma","tag-parole","tag-pellegrino","tag-posti","tag-presidente","tag-pronunciate","tag-pubblico","tag-pubblico-parma","tag-restano","tag-riconoscenza","tag-rotta","tag-sala","tag-sala-stampa","tag-salvezza","tag-sentito","tag-soccer","tag-spogliatoio","tag-sport","tag-sports","tag-squadra","tag-stampa","tag-suono","tag-suono-battimani","tag-tardini","tag-tecnico"],"share_on_mastodon":{"url":"","error":"Validation failed: Text character limit of 500 exceeded"},"_links":{"self":[{"href":"https:\/\/www.europesays.com\/it\/wp-json\/wp\/v2\/posts\/294332","targetHints":{"allow":["GET"]}}],"collection":[{"href":"https:\/\/www.europesays.com\/it\/wp-json\/wp\/v2\/posts"}],"about":[{"href":"https:\/\/www.europesays.com\/it\/wp-json\/wp\/v2\/types\/post"}],"author":[{"embeddable":true,"href":"https:\/\/www.europesays.com\/it\/wp-json\/wp\/v2\/users\/3"}],"replies":[{"embeddable":true,"href":"https:\/\/www.europesays.com\/it\/wp-json\/wp\/v2\/comments?post=294332"}],"version-history":[{"count":0,"href":"https:\/\/www.europesays.com\/it\/wp-json\/wp\/v2\/posts\/294332\/revisions"}],"wp:featuredmedia":[{"embeddable":true,"href":"https:\/\/www.europesays.com\/it\/wp-json\/wp\/v2\/media\/294333"}],"wp:attachment":[{"href":"https:\/\/www.europesays.com\/it\/wp-json\/wp\/v2\/media?parent=294332"}],"wp:term":[{"taxonomy":"category","embeddable":true,"href":"https:\/\/www.europesays.com\/it\/wp-json\/wp\/v2\/categories?post=294332"},{"taxonomy":"post_tag","embeddable":true,"href":"https:\/\/www.europesays.com\/it\/wp-json\/wp\/v2\/tags?post=294332"}],"curies":[{"name":"wp","href":"https:\/\/api.w.org\/{rel}","templated":true}]}}