{"id":294693,"date":"2026-01-07T05:14:11","date_gmt":"2026-01-07T05:14:11","guid":{"rendered":"https:\/\/www.europesays.com\/it\/294693\/"},"modified":"2026-01-07T05:14:11","modified_gmt":"2026-01-07T05:14:11","slug":"stefano-de-martino-elegante-9-alessandro-e-flaminia-in-abiti-tradizionali-9-francesca-chillemi-7","status":"publish","type":"post","link":"https:\/\/www.europesays.com\/it\/294693\/","title":{"rendered":"Stefano De Martino elegante (9), Alessandro e Flaminia in abiti tradizionali (9), Francesca Chillemi (7)"},"content":{"rendered":"<p>I look degli ospiti di Affari Tuoi diventano affari di tutti. Da Brenda Lodigiani a Francesca Chillemi, passando per il conduttore <strong><a href=\"https:\/\/www.ilmessaggero.it\/t\/stefano-de-martino\" rel=\"nofollow noopener\" target=\"_blank\">Stefano De Martino<\/a><\/strong> e il concorrente della serata, il pastore sardo Alessandro, andiamo a scoprire gli outfit dei protagonisti di questa speciale puntata di Affari tuoi &#8211; <strong><a href=\"https:\/\/www.ilmessaggero.it\/t\/lotteria-italia\" rel=\"nofollow noopener\" target=\"_blank\">Lotteria Italia<\/a><\/strong>. <\/p>\n<p>  Stefano De Martino  <\/p>\n<p>Stefano De Martino \u00e8 elegantissimo nel suo smoking nero con giacca in velluto e papillon. Una mise pi\u00f9 formale per una puntata molto speciale. L&#8217;atteggiamento, per\u00f2, non cambia: divertente, incalzante e sempre col sorriso. <\/p>\n<p><strong>Voto 9<\/strong><\/p>\n","protected":false},"excerpt":{"rendered":"I look degli ospiti di Affari Tuoi diventano affari di tutti. Da Brenda Lodigiani a Francesca Chillemi, passando&hellip;\n","protected":false},"author":3,"featured_media":294694,"comment_status":"","ping_status":"","sticky":false,"template":"","format":"standard","meta":{"footnotes":""},"categories":[1444],"tags":[33428,203,204,1537,90,89,60608,2656,1766,253],"class_list":{"0":"post-294693","1":"post","2":"type-post","3":"status-publish","4":"format-standard","5":"has-post-thumbnail","7":"category-tv","8":"tag-affari-tuoi","9":"tag-entertainment","10":"tag-intrattenimento","11":"tag-it","12":"tag-italia","13":"tag-italy","14":"tag-lotteria-italia","15":"tag-stasera-in-tv","16":"tag-stefano-de-martino","17":"tag-tv"},"share_on_mastodon":{"url":"https:\/\/pubeurope.com\/@it\/115852113514440612","error":""},"_links":{"self":[{"href":"https:\/\/www.europesays.com\/it\/wp-json\/wp\/v2\/posts\/294693","targetHints":{"allow":["GET"]}}],"collection":[{"href":"https:\/\/www.europesays.com\/it\/wp-json\/wp\/v2\/posts"}],"about":[{"href":"https:\/\/www.europesays.com\/it\/wp-json\/wp\/v2\/types\/post"}],"author":[{"embeddable":true,"href":"https:\/\/www.europesays.com\/it\/wp-json\/wp\/v2\/users\/3"}],"replies":[{"embeddable":true,"href":"https:\/\/www.europesays.com\/it\/wp-json\/wp\/v2\/comments?post=294693"}],"version-history":[{"count":0,"href":"https:\/\/www.europesays.com\/it\/wp-json\/wp\/v2\/posts\/294693\/revisions"}],"wp:featuredmedia":[{"embeddable":true,"href":"https:\/\/www.europesays.com\/it\/wp-json\/wp\/v2\/media\/294694"}],"wp:attachment":[{"href":"https:\/\/www.europesays.com\/it\/wp-json\/wp\/v2\/media?parent=294693"}],"wp:term":[{"taxonomy":"category","embeddable":true,"href":"https:\/\/www.europesays.com\/it\/wp-json\/wp\/v2\/categories?post=294693"},{"taxonomy":"post_tag","embeddable":true,"href":"https:\/\/www.europesays.com\/it\/wp-json\/wp\/v2\/tags?post=294693"}],"curies":[{"name":"wp","href":"https:\/\/api.w.org\/{rel}","templated":true}]}}