{"id":295450,"date":"2026-01-07T16:58:12","date_gmt":"2026-01-07T16:58:12","guid":{"rendered":"https:\/\/www.europesays.com\/it\/295450\/"},"modified":"2026-01-07T16:58:12","modified_gmt":"2026-01-07T16:58:12","slug":"lo-spettacolo-teatrale-di-stranger-things-e-un-pezzo-del-finale","status":"publish","type":"post","link":"https:\/\/www.europesays.com\/it\/295450\/","title":{"rendered":"Lo spettacolo teatrale di Stranger Things \u00e8 un pezzo del finale"},"content":{"rendered":"<p>Caricamento player<\/p>\n<p>Tra la quarta e la quinta stagione di Stranger Things, il cui attesissimo finale <a href=\"https:\/\/www.ilpost.it\/2026\/01\/01\/fine-stranger-things\/\" rel=\"nofollow noopener\" target=\"_blank\">\u00e8 uscito su Netflix a Capodanno<\/a>, sono passati tre anni. Nell\u2019attesa per\u00f2, a partire dal dicembre del 2023, Netflix ha capitalizzato l\u2019attenzione dei moltissimi fan con una cosa che non aveva mai fatto prima: uno spettacolo teatrale. Stranger Things: The First Shadow\u00a0\u00e8 stato scritto dai fratelli Matt e Ross Duffer, gli autori di Stranger Things, e da Kate Trefry, a sua volta sceneggiatrice della serie, ed \u00e8 un prequel, racconta cio\u00e8 fatti avvenuti prima.<\/p>\n<p>Ora che l\u2019ultima stagione di Stranger Things \u00e8 finita, si sta discutendo di come nell\u2019opera teatrale \u2013 presentata nei teatri di Londra e poi pi\u00f9 di recente anche a New York \u2013 siano state anticipate alcune rivelazioni del finale, create incongruenze e inseriti dettagli ed elementi utili a capire alcune scene altrimenti incomprensibili. In generale, in questi giorni di attesa per l\u2019uscita degli ultimi episodi e di accese discussioni sui social tra chi ha apprezzato o meno il finale, la storia dello spettacolo \u00e8 stata ripresa e commentata: per gli obiettivi di Netflix degli ultimi anni \u00e8 un grande successo.<\/p>\n<p>I fratelli Duffer hanno detto di aver scritto la quinta stagione e lo spettacolo nello stesso periodo, e di aver pensato le due opere come autonome. Avevano definito i punti di contatto tra lo spettacolo e la serie \u00absolo degli easter egg\u00bb, cio\u00e8 dei riferimenti nascosti pensati per il piacere degli spettatori, che si possono divertire a trovarli e a creare collegamenti tra una cosa e l\u2019altra. Non \u00e8 andata proprio cos\u00ec.<\/p>\n<p>In un\u2019intervista a Variety uno dei due aveva detto che era stato difficile bilanciare la quantit\u00e0 di dettagli inseriti nello spettacolo con quelli che avrebbero mostrato nella serie. Disse anche che il regista dello spettacolo, Stephen Daldry, e la produttrice, Sonia Friedman, \u00abspingevano per inserire pi\u00f9 cose e noi spingevamo per il contrario, dicendo loro: \u201cdobbiamo aspettare di rivelarlo nella serie\u201d\u00bb. Alla fine comunque Ross Duffer aveva detto: \u00abnon vogliamo rovinare l\u2019esperienza della quarta stagione a nessuno, e non vogliamo che le persone che non possono andare a New York e Londra si sentano escluse\u00bb. Per alcuni fan, non ci sono riusciti benissimo.<\/p>\n<p>Stranger Things: The First Shadow racconta la storia dell\u2019infanzia di Henry Creel prima che diventi Vecna, il temibile antagonista delle ultime due stagioni. La prima grande incongruenza \u00e8 che nello spettacolo Henry viene fatto andare a scuola insieme ad altri personaggi della serie: Joyce, la madre di Will, e Hopper, lo sceriffo della citt\u00e0 di Hawkins. Nella serie per\u00f2 n\u00e9 Joyce n\u00e9 Hopper sembrano aver mai conosciuto Henry, e in generale il personaggio viene presentato come molto pi\u00f9 giovane di loro.<\/p>\n<p>Sarebbe stata un\u2019incongruenza accettabile se fosse rimasta nello spettacolo teatrale, che viene presentato come un\u2019opera indipendente dal resto della storia, ma i fratelli Duffer hanno deciso di portare questo pezzo della storia anche nel finale della serie. Nello specifico c\u2019\u00e8 una scena poco chiara in cui dei personaggi si muovono in un ricordo di Henry alle superiori nel quale ci sono appunto anche Joyce e Hopper. Ma la scena, che pure viene presentata come centrale in un momento molto concitato, \u00e8 veloce, abbozzata e poco chiara per chi non ha visto lo spettacolo. Molti appassionati hanno fatto notare come non abbia alcun senso nella serie tv inserire una scena in cui Joyce, Hopper e Henry frequentano la stessa scuola.<\/p>\n<p><img loading=\"lazy\" decoding=\"async\" class=\"wp-image-3486064 size-full\" src=\"https:\/\/www.europesays.com\/it\/wp-content\/uploads\/2026\/01\/1767781746-GettyImages-2248627088.jpg\" alt=\"\" width=\"980\" height=\"654\"  \/><\/p>\n<p class=\"wp-caption-text\" style=\"--width: 100%\">Il cast dello spettacolo al Phoenix Theatre di Londra, novembre 2025 (Simon Ackerman\/Getty Images)<\/p>\n<p>Gi\u00e0 prima del finale per\u00f2, nella serie si vede una cosa che chi ha visto lo spettacolo riconosce immediatamente: la caverna dove si nasconde Max mentre \u00e8 intrappolata nella mente di Vecna. Chi ha visto lo spettacolo sa cos\u2019\u00e8 e come si lega col passato di Vecna, ma nella serie, fino all\u2019ultimo episodio, la storia della caverna viene trattata come un mistero. E la scena in cui viene infine rivelato quel pezzo di storia \u00e8 stata giudicata da molti poco approfondita, come se i fratelli Duffer la ritenessero gi\u00e0 sufficientemente spiegata dallo spettacolo.<\/p>\n<p>In un\u2019intervista comunque i fratelli Duffer <a href=\"https:\/\/www.netflix.com\/tudum\/features\/stranger-things-series-finale-duffer-brothers-interview\" rel=\"nofollow noopener\" target=\"_blank\">avevano detto<\/a> di aver scelto di raccontare la storia di Henry nello spettacolo proprio perch\u00e9 era quella che avrebbero avuto meno tempo di esplorare nella serie, come infatti \u00e8 stato.<\/p>\n<p>I collegamenti tra lo spettacolo e la serie hanno comunque attratto pi\u00f9 curiosit\u00e0 che critiche sui social network. E anche le seconde si sono inserite in un discorso pi\u00f9 generale sul fatto che il finale di Stranger Things lascia molte questioni irrisolte e sembra andare molto veloce su una serie di passaggi che gli spettatori avrebbero voluto approfondire.<\/p>\n<p>Lo spettacolo di Stranger Things era gi\u00e0 andato molto bene, ma nelle ultime settimane, in corrispondenza dell\u2019uscita dei nuovi episodi dell\u2019ultima stagione, <a href=\"https:\/\/variety.com\/2025\/theater\/news\/stranger-things-play-broadway-box-office-record-1236619506\/\" rel=\"nofollow noopener\" target=\"_blank\">ha fatto incassi da record<\/a>. E anche Netflix ci ha messo del suo, programmando una comparsa a sorpresa di Jamie Campbell Bower, l\u2019attore che interpreta Vecna nella serie, alla fine di uno spettacolo a Broadway. Sui social alcuni fan <a href=\"https:\/\/www.tvinsider.com\/1236600\/stranger-things-fans-want-first-shadow-play-streaming-on-netflix\/\" rel=\"nofollow noopener\" target=\"_blank\">hanno chiesto<\/a> che lo spettacolo venga reso disponibile su Netflix, ma dall\u2019azienda non \u00e8 mai stata comunicata alcuna intenzione in questo senso.<\/p>\n<p>Negli ultimi anni Netflix ha tentato in vari modi di trasformare le proprie creazioni pi\u00f9 famose in fonti di guadagno esterne alla piattaforma, per esempio con attrazioni temporanee dedicate a Bridgerton, KPop Demon Hunters e Squid Game. L\u2019obiettivo \u00e8 portare i suoi oltre 300 milioni di abbonati fuori dalla piattaforma e diventare un marchio di intrattenimento in senso pi\u00f9 ampio, puntando ad avere la stessa evoluzione che hanno avuto societ\u00e0 di produzione come Disney o Marvel col suo Cinematic Universe. L\u2019idea di usare l\u2019universo di una delle sue serie pi\u00f9 amate per farci uno spettacolo teatrale \u00e8 rimasta un tentativo isolato, ma \u00e8 probabilmente uno dei pi\u00f9 riusciti finora.<\/p>\n<p><strong>\u2013 Leggi anche:<\/strong> <a class=\"leggi-anche\" href=\"https:\/\/www.ilpost.it\/2025\/10\/07\/netflix-costruire-universo-marchio-intrattenimento\/?utm_source=ilpost&amp;utm_medium=leggi_anche&amp;utm_campaign=leggi_anche\" rel=\"nofollow noopener\" target=\"_blank\">Netflix sta provando a creare il suo \u201cuniverso\u201d<\/a><\/p>\n","protected":false},"excerpt":{"rendered":"Caricamento player Tra la quarta e la quinta stagione di Stranger Things, il cui attesissimo finale \u00e8 uscito&hellip;\n","protected":false},"author":3,"featured_media":295451,"comment_status":"","ping_status":"","sticky":false,"template":"","format":"standard","meta":{"footnotes":""},"categories":[1444],"tags":[203,204,1537,90,89,253],"class_list":{"0":"post-295450","1":"post","2":"type-post","3":"status-publish","4":"format-standard","5":"has-post-thumbnail","7":"category-tv","8":"tag-entertainment","9":"tag-intrattenimento","10":"tag-it","11":"tag-italia","12":"tag-italy","13":"tag-tv"},"share_on_mastodon":{"url":"https:\/\/pubeurope.com\/@it\/115854881894193308","error":""},"_links":{"self":[{"href":"https:\/\/www.europesays.com\/it\/wp-json\/wp\/v2\/posts\/295450","targetHints":{"allow":["GET"]}}],"collection":[{"href":"https:\/\/www.europesays.com\/it\/wp-json\/wp\/v2\/posts"}],"about":[{"href":"https:\/\/www.europesays.com\/it\/wp-json\/wp\/v2\/types\/post"}],"author":[{"embeddable":true,"href":"https:\/\/www.europesays.com\/it\/wp-json\/wp\/v2\/users\/3"}],"replies":[{"embeddable":true,"href":"https:\/\/www.europesays.com\/it\/wp-json\/wp\/v2\/comments?post=295450"}],"version-history":[{"count":0,"href":"https:\/\/www.europesays.com\/it\/wp-json\/wp\/v2\/posts\/295450\/revisions"}],"wp:featuredmedia":[{"embeddable":true,"href":"https:\/\/www.europesays.com\/it\/wp-json\/wp\/v2\/media\/295451"}],"wp:attachment":[{"href":"https:\/\/www.europesays.com\/it\/wp-json\/wp\/v2\/media?parent=295450"}],"wp:term":[{"taxonomy":"category","embeddable":true,"href":"https:\/\/www.europesays.com\/it\/wp-json\/wp\/v2\/categories?post=295450"},{"taxonomy":"post_tag","embeddable":true,"href":"https:\/\/www.europesays.com\/it\/wp-json\/wp\/v2\/tags?post=295450"}],"curies":[{"name":"wp","href":"https:\/\/api.w.org\/{rel}","templated":true}]}}