{"id":295816,"date":"2026-01-07T22:15:12","date_gmt":"2026-01-07T22:15:12","guid":{"rendered":"https:\/\/www.europesays.com\/it\/295816\/"},"modified":"2026-01-07T22:15:12","modified_gmt":"2026-01-07T22:15:12","slug":"decathlon-cma-cgm-mark-renshaw-pronto-a-fare-da-coach-a-olav-kooij-vogliamo-tappe-e-maglia-verde-al-tour-dalla-pressione-nascono-i-diamanti","status":"publish","type":"post","link":"https:\/\/www.europesays.com\/it\/295816\/","title":{"rendered":"Decathlon CMA CGM, Mark Renshaw pronto a fare da coach a Olav Kooij: &#8220;Vogliamo tappe e maglia verde al Tour. Dalla pressione nascono i diamanti&#8221;"},"content":{"rendered":"<p>\t\t<img width=\"2560\" height=\"1705\" src=\"https:\/\/www.europesays.com\/it\/wp-content\/uploads\/2026\/01\/kooij-giro-2025-tappa-21-1-scaled.jpg\" class=\"attachment-full size-full wp-post-image\" alt=\"\" data-main-img=\"1\" decoding=\"async\" fetchpriority=\"high\"  \/><\/p>\n<p>\t\t\t\t\t\t\t \u00a9 LaPresse<\/p>\n<p>\t\t\t\t\t<a href=\"https:\/\/cyclingpro.net\/spaziociclismo\/altro\/scopri-lapp-ufficiale-di-spaziociclismo\/\" title=\"\" rel=\"nofollow noopener\" target=\"_blank\"><br \/>\n\t\t\t\t\t\t<img loading=\"lazy\" decoding=\"async\" src=\"https:\/\/www.europesays.com\/it\/wp-content\/uploads\/2025\/09\/1758060682_662_Banner-App-SpazioCiclismo.png\" alt=\"\" width=\"728\" height=\"91\"\/><br \/>\n\t\t\t\t\t<\/a><\/p>\n<p><strong><a href=\"https:\/\/cyclingpro.net\/spaziociclismo\/worldtour\/decathlon-cma-cgm-heinrich-haussler-e-mark-renshaw-nuovi-direttori-sportivi-portano-esperienza-e-moderni-metodi-di-lavoro\/\" target=\"_blank\" rel=\"noopener nofollow\">Mark Renshaw<\/a>\u00a0<\/strong>inizia una nuova sfida. Il britannico, che ha costruito buona parte della sua carriera sul suo ruolo di lead-out di\u00a0<strong>Mark Cavendish<\/strong>, si \u00e8 ormai reinventato da qualche anno come coach, rimanendo nel mondo del ciclismo per mettere a disposizione dei corridori l\u2019esperienza maturata in tanti anni. In questa sessione di\u00a0<strong>ciclomercato<\/strong>, il classe \u201982 ha firmato con la\u00a0<strong>Decathlon CMA CGM<\/strong>, dove sar\u00e0 uno dei coach della squadra. L\u2019obiettivo della formazione francese \u00e8 chiaro: mettere a disposizione di\u00a0<a href=\"https:\/\/cyclingpro.net\/spaziociclismo\/ciclomercato\/decathlon-cma-cgm-ufficiale-larrivo-di-olav-kooij-contratto-fino-al-2028\/\" target=\"_blank\" rel=\"noopener nofollow\"><strong>Olav Kooij<\/strong><\/a>, l\u2019investimento pi\u00f9 importante di questa finestra di trasferimenti, un punto di riferimento importante nella gestione degli allenamenti e del calendario.<\/p>\n<p>In <a href=\"https:\/\/www.indeleiderstrui.nl\/wielrennen\/tourkansen-kooij-rolverdeling-en-ambities-sprintleider-mark-renshaw-is-in-zijn-nopjes-na-kenningsmakingen-bij-decathlon\" target=\"_blank\" rel=\"noopener nofollow\">un\u2019intervista a\u00a0Indeleiderstrui.nl<\/a>,\u00a0<strong>Mark Renshaw\u00a0<\/strong>ha parlato del nuovo passaggio nella sua carriera:\u00a0\u201c<strong>Il mio ruolo qui \u00e8 chiaro: far\u00f2 il programma insieme a Olav Kooij e l\u2019obiettivo \u00e8 vincere tappe al Tour de France e lottare per la maglia verde<\/strong>. Per lui il piano \u00e8 evidente. Sappiamo dove inizier\u00e0 la stagione e che alla fine correr\u00e0 il Tour per vincere delle tappe. Come ci arriveremo sar\u00e0 un processo di insegnamenti che apprenderemo nella prima met\u00e0 dell\u2019anno. Si tratta di migliorare la comunicazione e avere fiducia negli altri\u201d. Per il momento non si sa ancora molto del programma di <strong>Olav Kooi<\/strong><strong>j<\/strong>, che dovrebbe fare il suo debutto stagionale all\u2019<strong>UAE Tour 2026<\/strong> prima di concentrarsi sulle classiche, prendendo sicuramente il via a\u00a0<strong>Omloop Het Nieuwsblaad\u00a0<\/strong>e\u00a0<strong>Parigi-Roubaix<\/strong>. Per il resto, soltanto il\u00a0<strong>Tour de France 2026\u00a0<\/strong>\u00e8 garantito nel calendario dello sprinter neerlandese.<\/p>\n<p class=\"paywall\" aria-hidden=\"true\">L\u2019ex velocista ha poi proseguito: \u201cPer me la cosa pi\u00f9 importante era l\u2019opportunit\u00e0 di lavorare con sprinter dal talento puro e dall\u2019alto livello come Olav Kooij, Cees Bol, Robbe Ghys e Tobias Lund Andresen. Abbiamo molti corridori che possono essere tra i migliori in volata. <strong>Ho scelto di venire qui per l\u2019opportunit\u00e0 di lavorare con questi ragazzi<\/strong> e di lottare non per una top 5 o top 10, ma per la vittoria. <strong>Ovviamente ti d\u00e0 pi\u00f9 pressione, ma dalla pressione nascono i diamanti<\/strong>. Mi piace\u201d.<\/p>\n<p>Seguici<\/p>\n<p>\t\t\t\t\t\t\t\t\t\t<a href=\"https:\/\/news.google.com\/publications\/CAAqBwgKMNaVhQswhaiCAw?hl=it&amp;gl=IT&amp;ceid=IT%3Ait\" title=\"Google News\" target=\"_blank\" rel=\"nofollow noopener\" class=\"post-followus-btn google-new-btn\"><br \/>\n\t\t\t\t\t\t<img decoding=\"async\" src=\"https:\/\/cyclingpro.net\/spaziociclismo\/wp-content\/themes\/jannah\/assets\/images\/google-news.svg\" alt=\"Google News\" loading=\"lazy\" width=\"120\" height=\"22\"\/><br \/>\n\t\t\t\t\t<\/a><br \/>\n\t\t\t\t\t\t\t\t\t\t<a href=\"https:\/\/flipboard.com\/@SpazioCiclismo\" title=\"Flipboard\" target=\"_blank\" rel=\"nofollow noopener\" class=\"post-followus-btn flipboard-btn\"><br \/>\n\t\t\t\t\t\t<img decoding=\"async\" src=\"https:\/\/cyclingpro.net\/spaziociclismo\/wp-content\/themes\/jannah\/assets\/images\/flipboard.svg\" alt=\"Flipboard\" loading=\"lazy\" width=\"152\" height=\"30\"\/><br \/>\n\t\t\t\t\t<\/a><\/p>\n","protected":false},"excerpt":{"rendered":"\u00a9 LaPresse Mark Renshaw\u00a0inizia una nuova sfida. Il britannico, che ha costruito buona parte della sua carriera sul&hellip;\n","protected":false},"author":3,"featured_media":295817,"comment_status":"","ping_status":"","sticky":false,"template":"","format":"standard","meta":{"footnotes":""},"categories":[1456],"tags":[1824,1825,1537,90,89,173839,18905,245,244],"class_list":{"0":"post-295816","1":"post","2":"type-post","3":"status-publish","4":"format-standard","5":"has-post-thumbnail","7":"category-ciclismo","8":"tag-ciclismo","9":"tag-cycling","10":"tag-it","11":"tag-italia","12":"tag-italy","13":"tag-mark-renshaw","14":"tag-olav-kooij","15":"tag-sport","16":"tag-sports"},"share_on_mastodon":{"url":"https:\/\/pubeurope.com\/@it\/115856128350777471","error":""},"_links":{"self":[{"href":"https:\/\/www.europesays.com\/it\/wp-json\/wp\/v2\/posts\/295816","targetHints":{"allow":["GET"]}}],"collection":[{"href":"https:\/\/www.europesays.com\/it\/wp-json\/wp\/v2\/posts"}],"about":[{"href":"https:\/\/www.europesays.com\/it\/wp-json\/wp\/v2\/types\/post"}],"author":[{"embeddable":true,"href":"https:\/\/www.europesays.com\/it\/wp-json\/wp\/v2\/users\/3"}],"replies":[{"embeddable":true,"href":"https:\/\/www.europesays.com\/it\/wp-json\/wp\/v2\/comments?post=295816"}],"version-history":[{"count":0,"href":"https:\/\/www.europesays.com\/it\/wp-json\/wp\/v2\/posts\/295816\/revisions"}],"wp:featuredmedia":[{"embeddable":true,"href":"https:\/\/www.europesays.com\/it\/wp-json\/wp\/v2\/media\/295817"}],"wp:attachment":[{"href":"https:\/\/www.europesays.com\/it\/wp-json\/wp\/v2\/media?parent=295816"}],"wp:term":[{"taxonomy":"category","embeddable":true,"href":"https:\/\/www.europesays.com\/it\/wp-json\/wp\/v2\/categories?post=295816"},{"taxonomy":"post_tag","embeddable":true,"href":"https:\/\/www.europesays.com\/it\/wp-json\/wp\/v2\/tags?post=295816"}],"curies":[{"name":"wp","href":"https:\/\/api.w.org\/{rel}","templated":true}]}}