{"id":295856,"date":"2026-01-07T22:50:10","date_gmt":"2026-01-07T22:50:10","guid":{"rendered":"https:\/\/www.europesays.com\/it\/295856\/"},"modified":"2026-01-07T22:50:10","modified_gmt":"2026-01-07T22:50:10","slug":"il-folle-gesto-di-adelaide-nascosto-da-marcello","status":"publish","type":"post","link":"https:\/\/www.europesays.com\/it\/295856\/","title":{"rendered":"il folle gesto di Adelaide nascosto da Marcello"},"content":{"rendered":"<p>                                            <img decoding=\"async\" src=\"https:\/\/www.europesays.com\/it\/wp-content\/uploads\/2026\/01\/cr_c105ba_Paradiso_delle_Signore_06_01_2026_okmugello_it_1_.jpg\" title=\"Rivoluzione nella trama de Il Paradiso delle Signore (www.okmugello.it - RaiPlay)\" alt=\"Rivoluzione nella trama de Il Paradiso delle Signore (www.okmugello.it - RaiPlay)\" class=\"img-responsive margin-bt-10\"\/><br \/>\n                                                  Rivoluzione nella trama de Il Paradiso delle Signore (www.okmugello.it &#8211; RaiPlay)<\/p>\n<p class=\"has-drop-cap\">Il <strong>Paradiso delle Signore<\/strong> \u00e8 fra le fiction televisive pi\u00f9 apprezzate e popolari che si possono trovare e rintracciare in televisione. Sono davvero poche le serie televisive che possono dire di aver raggiunto il successo e la popolarit\u00e0 del prodotto televisivo di cui abbiamo deciso di parlarvi quest&#8217;oggi, specialmente perch\u00e9 <strong>catturare l&#8217;attenzione di telespettatori e telespettatrici non \u00e8 esattamente qualcosa di cos\u00ec semplice da fare e attuare<\/strong>.<\/p>\n<p>E invece, <strong>registi, sceneggiatori e attori del Paradiso delle Signore ci riescono sempre di pi\u00f9<\/strong>. Ogni anno che si va avanti, le trame e i fili narrativi che riguardano la fiction TV diventano sempre pi\u00f9 intricati e seguiti. Vale anche per le <strong>prossime puntate<\/strong>, laddove in vista del 12 gennaio 2026 <strong>al centro delle discussioni potr\u00e0 prendere spazio un folle gesto commesso da Adelaide<\/strong>.<\/p>\n<p>Il Paradiso delle Signore, anticipazioni 12 gennaio: Marcello nasconde il folle gesto di Adelaide<\/p>\n<p>Il 12 gennaio 2026, telespettatori e telespettatrici sono attesi e attese da una puntata che definire attesa \u00e8 pari a usare un eufemismo. A quanto pare, <strong>Marcello e Marta stringono una ccordo segreto per impedire a troppe persone di ficcare il naso e scoprire qualche folle gesto ha effettivamente commesso Adelaide<\/strong>.<\/p>\n<p><img decoding=\"async\" alt=\"Qual \u00e8 la decisione di Adelaide (www.okmugello.it - RaiPlay)\" src=\"https:\/\/www.europesays.com\/it\/wp-content\/uploads\/2026\/01\/fe5618_Paradiso_delle_Signore_06_01_2026_okmugello_it.jpg\" style=\"max-width:730px\" title=\"Qual \u00e8 la decisione di Adelaide (www.okmugello.it - RaiPlay)\"\/><\/p>\n<p><strong>La contessa ha deciso di ritirarsi in convento, decidendo cos\u00ec di trascorrere un periodo in clausura<\/strong>. La famiglia vicina alla donna viene a saperlo soltanto grazie all&#8217;annuncio di Umberto. Questa decisione \u00e8 stata presa per cercare di proteggere la contessa da eventuali nuove conseguenze, senza contare lo stato d&#8217;animo in cui probabilmente riversa in questo preciso momento della sua vita. <strong>L&#8217;obiettivo, quindi, dopo il folle gesto, \u00e8 quello di tutelare Adelaide in tutti i modi possibili e immaginabili<\/strong>.<\/p>\n<p>Marta \u00e8 d&#8217;accordo ad agire in questo modo insieme a Marcello. La contessa, nel frattempo, decide di rimanere in convento per ritrovare un po&#8217; della serenit\u00e0 e della pace perse negli ultimi tempi. <strong>Il suo improvviso passo indietro dal punto di vista familiare e sociale lascer\u00e0 la sua stessa famiglia sbigottita<\/strong>, ma non pare che le cose possano cambiare nel breve periodo, non almeno in seguito a quest&#8217;ultimo stravolgimento.\u00a0<\/p>\n","protected":false},"excerpt":{"rendered":"Rivoluzione nella trama de Il Paradiso delle Signore (www.okmugello.it &#8211; RaiPlay) Il Paradiso delle Signore \u00e8 fra le&hellip;\n","protected":false},"author":3,"featured_media":295857,"comment_status":"","ping_status":"","sticky":false,"template":"","format":"standard","meta":{"footnotes":""},"categories":[1444],"tags":[203,204,1537,90,89,253],"class_list":{"0":"post-295856","1":"post","2":"type-post","3":"status-publish","4":"format-standard","5":"has-post-thumbnail","7":"category-tv","8":"tag-entertainment","9":"tag-intrattenimento","10":"tag-it","11":"tag-italia","12":"tag-italy","13":"tag-tv"},"share_on_mastodon":{"url":"https:\/\/pubeurope.com\/@it\/115856266007310807","error":""},"_links":{"self":[{"href":"https:\/\/www.europesays.com\/it\/wp-json\/wp\/v2\/posts\/295856","targetHints":{"allow":["GET"]}}],"collection":[{"href":"https:\/\/www.europesays.com\/it\/wp-json\/wp\/v2\/posts"}],"about":[{"href":"https:\/\/www.europesays.com\/it\/wp-json\/wp\/v2\/types\/post"}],"author":[{"embeddable":true,"href":"https:\/\/www.europesays.com\/it\/wp-json\/wp\/v2\/users\/3"}],"replies":[{"embeddable":true,"href":"https:\/\/www.europesays.com\/it\/wp-json\/wp\/v2\/comments?post=295856"}],"version-history":[{"count":0,"href":"https:\/\/www.europesays.com\/it\/wp-json\/wp\/v2\/posts\/295856\/revisions"}],"wp:featuredmedia":[{"embeddable":true,"href":"https:\/\/www.europesays.com\/it\/wp-json\/wp\/v2\/media\/295857"}],"wp:attachment":[{"href":"https:\/\/www.europesays.com\/it\/wp-json\/wp\/v2\/media?parent=295856"}],"wp:term":[{"taxonomy":"category","embeddable":true,"href":"https:\/\/www.europesays.com\/it\/wp-json\/wp\/v2\/categories?post=295856"},{"taxonomy":"post_tag","embeddable":true,"href":"https:\/\/www.europesays.com\/it\/wp-json\/wp\/v2\/tags?post=295856"}],"curies":[{"name":"wp","href":"https:\/\/api.w.org\/{rel}","templated":true}]}}