{"id":296357,"date":"2026-01-08T07:03:11","date_gmt":"2026-01-08T07:03:11","guid":{"rendered":"https:\/\/www.europesays.com\/it\/296357\/"},"modified":"2026-01-08T07:03:11","modified_gmt":"2026-01-08T07:03:11","slug":"le-caratteristiche-dei-bot-in-asta-il-9-gennaio-2026","status":"publish","type":"post","link":"https:\/\/www.europesays.com\/it\/296357\/","title":{"rendered":"Le caratteristiche dei BOT in asta il 9 gennaio 2026"},"content":{"rendered":"<p><img decoding=\"async\" style=\"float: left;\" src=\"https:\/\/www.europesays.com\/it\/wp-content\/uploads\/2025\/12\/mef_2.jpeg\" alt=\"mef_2\" width=\"200\" \/>Il Ministero dell\u2019Economia e delle Finanze ha comunicato che venerd\u00ec 9 gennaio 2026 sar\u00e0 effettuata l\u2019<strong>asta di un BOT<\/strong> con le seguenti caratteristiche:<\/p>\n<p>\u00a0<\/p>\n<p>Annuali<\/p>\n<ul>&#13;<\/p>\n<li><strong>Tranche<\/strong>: prima <\/li>\n<p>&#13;<\/p>\n<li><strong>Emissione<\/strong>: 14 gennaio 2026<\/li>\n<p>&#13;<\/p>\n<li><strong>Scadenza<\/strong>: 14 gennaio 2027<\/li>\n<p>&#13;<\/p>\n<li><strong>Importo offerto<\/strong>: 8 miliardi di euro<\/li>\n<p>&#13;<\/p>\n<li><strong>Durata (in giorni)<\/strong>: 365<\/li>\n<p>&#13;<\/p>\n<li><strong>Codice ISIN<\/strong>: da attribuire<\/li>\n<p>&#13;<\/p>\n<li><strong>Data di regolamento<\/strong>: 13 gennaio 2026<\/li>\n<p>&#13;\n<\/ul>\n<p>\u00a0<\/p>\n<p>I BOT sono posti all&#8217;asta con il sistema di collocamento dell&#8217;asta competitiva, con richieste degli operatori espresse in termini di rendimento.<\/p>\n<p>I titoli possono essere sottoscritti per un importo minimo di mille euro.<\/p>\n<p>L&#8217;offerta del collocamento supplementare \u00e8 stabilita nella misura del 10% dell&#8217;ammontare nominale offerto nell&#8217;asta ordinaria, determinato in base ai criteri indicati nel decreto di emissione.<\/p>\n<p>\u00a0<\/p>\n<p>Il Ministero dell\u2019Economia e delle Finanze ha ricordato che il 13 gennaio 2026 non vengono a scadere BOT.<\/p>\n<p>Al 12 dicembre 2025 la circolazione dei BOT era pari a 132.144,52 milioni di euro: 26.294,52 milioni di euro semestrali e 105.850 milioni di euro annuali.<\/p>\n<p>\u00a0<\/p>\n<p>Il Tesoro ha precisato che, in seguito all&#8217;assenza di specifiche esigenze di cassa, il 9 gennaio 2026 non verr\u00e0 offerto il BOT trimestrale.<\/p>\n<p>\u00a0<\/p>\n<p>Questo  scritto \u00e8 redatto a solo scopo informativo, pu\u00f2 essere modificato  in  qualsiasi momento e NON pu\u00f2 essere considerato sollecitazione  al  pubblico risparmio. &#13;<br \/>\n Il sito web non garantisce la correttezza e non si assume la responsabilit\u00e0 in merito all\u2019uso delle informazioni ivi riportate.<\/p>\n","protected":false},"excerpt":{"rendered":"Il Ministero dell\u2019Economia e delle Finanze ha comunicato che venerd\u00ec 9 gennaio 2026 sar\u00e0 effettuata l\u2019asta di un&hellip;\n","protected":false},"author":3,"featured_media":275055,"comment_status":"","ping_status":"","sticky":false,"template":"","format":"standard","meta":{"footnotes":"","_share_on_mastodon":"0"},"categories":[172],"tags":[178,38890,26525,177,1537,90,89],"class_list":["post-296357","post","type-post","status-publish","format-standard","has-post-thumbnail","category-affari","tag-affari","tag-asta-bot","tag-bot","tag-business","tag-it","tag-italia","tag-italy"],"share_on_mastodon":{"url":"https:\/\/pubeurope.com\/@it\/115858204508493609","error":""},"_links":{"self":[{"href":"https:\/\/www.europesays.com\/it\/wp-json\/wp\/v2\/posts\/296357","targetHints":{"allow":["GET"]}}],"collection":[{"href":"https:\/\/www.europesays.com\/it\/wp-json\/wp\/v2\/posts"}],"about":[{"href":"https:\/\/www.europesays.com\/it\/wp-json\/wp\/v2\/types\/post"}],"author":[{"embeddable":true,"href":"https:\/\/www.europesays.com\/it\/wp-json\/wp\/v2\/users\/3"}],"replies":[{"embeddable":true,"href":"https:\/\/www.europesays.com\/it\/wp-json\/wp\/v2\/comments?post=296357"}],"version-history":[{"count":0,"href":"https:\/\/www.europesays.com\/it\/wp-json\/wp\/v2\/posts\/296357\/revisions"}],"wp:featuredmedia":[{"embeddable":true,"href":"https:\/\/www.europesays.com\/it\/wp-json\/wp\/v2\/media\/275055"}],"wp:attachment":[{"href":"https:\/\/www.europesays.com\/it\/wp-json\/wp\/v2\/media?parent=296357"}],"wp:term":[{"taxonomy":"category","embeddable":true,"href":"https:\/\/www.europesays.com\/it\/wp-json\/wp\/v2\/categories?post=296357"},{"taxonomy":"post_tag","embeddable":true,"href":"https:\/\/www.europesays.com\/it\/wp-json\/wp\/v2\/tags?post=296357"}],"curies":[{"name":"wp","href":"https:\/\/api.w.org\/{rel}","templated":true}]}}