{"id":296666,"date":"2026-01-08T11:35:12","date_gmt":"2026-01-08T11:35:12","guid":{"rendered":"https:\/\/www.europesays.com\/it\/296666\/"},"modified":"2026-01-08T11:35:12","modified_gmt":"2026-01-08T11:35:12","slug":"liberazione-alberto-trentini-incerta-rodriguez-allenta-restrizioni","status":"publish","type":"post","link":"https:\/\/www.europesays.com\/it\/296666\/","title":{"rendered":"liberazione Alberto Trentini incerta, Rodr\u00edguez allenta restrizioni"},"content":{"rendered":"<p>Sulla scrivania di <strong>Delcy Rodr\u00edguez, <\/strong>presidente ad Interim del Venezuela, spunta gi\u00e0 il dossier che comprende detenuti politici, ostaggi e prigionieri stranieri reclusi nelle carceri venezuelane. Presenti anche gli italiani:<strong> Alberto Trentini, 46 anni,<\/strong> operatore umanitario, senza accuse, <strong>Biagio Pilieri, 60 anni,<\/strong> giornalista, incriminato senza prove di terrorismo e tradimento alla Patria, e <strong>Daniel Echenagucia, 47 anni,<\/strong> imprenditore, nella stessa situazione di Pilieri.<\/p>\n<p>Tutti reclusi senza motivo, da circa un anno e mezzo: psiche provata, chili persi, salute compromessa. Trentini, Pilieri ed Echenagucia non avrebbero mai dovuto entrare in cella. Lo sa Rodr\u00edguez, che ha seguito di persona lo scambio di prigionieri <strong>Usa-Venezuela-El Salvador<\/strong> andato in porto a luglio. Anche allora sarebbe bastata una telefonata, almeno per riportare a casa Alberto. Ma non \u00e8 mai arrivata, come constatato da Ilfattoquotidiano.it, che ha seguito la vicenda da Caracas. Nelle ultime ore si \u00e8 parlato anche di altri detenuti, ma non tutti loro sono prigionieri politici. <strong>Mario Burl\u00f2, imprenditore torinese,<\/strong> era a Caracas perch\u00e9 fuggiva dalla giustizia italiana. <strong>Luigi Gasperin,<\/strong> petroliere, \u00e8 stato detenuto nei locali della sua ditta \u201cTecnica petrolera Wlp C.A\u201d \u2013 che aveva collezionato 60 appalti con Pdvsa \u2013 durante un blitz dai contorni poco chiari. Il fattore comune: violazione dei diritti processuali e delle libert\u00e0 fondamentali.<\/p>\n<p>Tuttavia \u00e8 azzardato definire \u201cprigionieri politici\u201d Burl\u00f2 e Gasperini. Invece il titolare della Farnesina,<strong> Antonio Tajani,<\/strong> non esita a chiamarli cos\u00ec, creando ulteriore confusione in una situazione assai delicata. Preoccupa anche l\u2019inconsistenza dei numeri, che \u2013 stando alle dichiarazioni del ministro \u2013 cambiano da una settimana all\u2019altra: dalla decina ai ventotto di ieri. Parte cos\u00ec la sgomitata per i rilasci, complici alcuni legali, pronti a cavalcare l\u2019onda mediatica venezuelana. Al punto che la famiglia Trentini e la loro avvocata, <strong>Alessandra Ballerini,<\/strong> hanno diffuso una nota chiedendo \u201ca tutti di rispettare la consegna del silenzio indicata da Palazzo Chigi ed evitare qualsiasi strumentalizzazione\u201d, poich\u00e9 \u201cogni parola sbagliata pu\u00f2 compromettere la liberazione di Alberto\u201d in queste giornate di \u201cangoscia e speranza\u201d per le sorti del cooperante.<\/p>\n<p>Ma la verit\u00e0 \u00e8 un\u2019altra. Nessuno, neppure la Farnesina, ha piena cognizione di quanti siano i prigionieri, politici e stranieri, reclusi in Venezuela. L\u2019unica vera mappatura \u00e8 partita nelle ultime ore: un gruppo di senatori americani repubblicani, su incarico dell\u2019amministrazione Trump, ci lavora insieme all\u2019Ong \u201c<strong>Justicia, Encuentro y Perd\u00f3n<\/strong>\u201c, tra i pochi interlocutori affidabili in circolazione. \u201cIn passato l\u2019incarico era stato affidato all\u2019oppositrice Machado, ma il suo team consegnava relazioni incomplete, in ritardo e con dati inesatti. \u00c8 capitato pi\u00f9 volte, poi Trump ha perso la pazienza\u201d, dice una fonte delle opposizioni venezuelane a Ilfatto.it, aggiungendo: \u201cA un certo punto gli americani hanno preferito fare da s\u00e9, con buoni risultati\u201d.<\/p>\n<p>Marted\u00ec lo stesso Trump ha annunciato la chiusura di un \u201ccentro di torture in pieno centro di Caracas\u201d, facendo riferimento <strong>all\u2019Helicoide,<\/strong> il penitenziario gestito dal <strong>Servizio bolivariano d\u2019Intelligence (Sebin)<\/strong> e nel quale, poche settimane fa, \u00e8 morto l\u2019ex-governatore di Nueva Esparta <strong>Alfredo L\u00f3pez.<\/strong> La decisione \u00e8 stata raggiunta di comune accordo con Rodr\u00edguez, in mezzo alle conversazioni sul petrolio e sul ritorno degli investimenti Usa. Altro segnale di apertura \u00e8 stato lanciato dal Ministero per il potere penitenziario, come si legge su un documento condiviso con Ilfatto.it: da mercoled\u00ec a venerd\u00ec i prigionieri de El Rodeo I \u2013 anche Trentini, con ogni probabilit\u00e0 \u2013 possono chiamare regolarmente i loro familiari. Accadr\u00e0 anche la settimana prossima. Cade inoltre il divieto sull\u2019introduzione di alimenti nel penitenziario.<\/p>\n<p>L\u2019unico ostacolo alle aperture di Rodr\u00edguez \u00e8 <strong>il ministro dell\u2019Interno, Diosdado Cabello<\/strong>, contrario alla linea di dialogo della presidente in carica. Le aperture ne El Rodeo I hanno infatti smentito la sospensione delle visite ai prigionieri, annunciata poche ore prima da Cabello. \u201cSempre leali, mai traditori\u201d, \u00e8 il nuovo grido del numero due, insieme ai militari, pronto al braccio di ferro con la nuova presidente.<\/p>\n<p>Il clima interno resta teso: \u00e8 in corso lo stato d\u2019eccezione con decine di arresti a chiunque \u201csostenga\u201d e \u201cpromuova\u201d <strong>l\u2019intervento militare Usa<\/strong> nel Paese. Ci vanno di mezzo anche i giornalisti. Ma a prevalere, per ora, \u00e8 la linea dialogante dell\u2019ex-diplomatica, che vanta a sua volta il sostegno condizionato dell\u2019amministrazione Usa. La speranza trova spazio l\u00e0 dove il governo in formazione prevede la nomina di una figura incaricata di verificare, caso per caso, i detenuti da rilasciare prossimamente. Anche grazie al petrolio.<\/p>\n","protected":false},"excerpt":{"rendered":"Sulla scrivania di Delcy Rodr\u00edguez, presidente ad Interim del Venezuela, spunta gi\u00e0 il dossier che comprende detenuti politici,&hellip;\n","protected":false},"author":3,"featured_media":296667,"comment_status":"","ping_status":"","sticky":false,"template":"","format":"standard","meta":{"footnotes":""},"categories":[79],"tags":[14,93,94,1537,90,89,7,15,11,84,91,12,85,92],"class_list":{"0":"post-296666","1":"post","2":"type-post","3":"status-publish","4":"format-standard","5":"has-post-thumbnail","7":"category-italia","8":"tag-cronaca","9":"tag-cronaca-italiana","10":"tag-cronacaitaliana","11":"tag-it","12":"tag-italia","13":"tag-italy","14":"tag-news","15":"tag-notizie","16":"tag-ultime-notizie","17":"tag-ultime-notizie-e-news-di-oggi","18":"tag-ultime-notizie-italia","19":"tag-ultimenotizie","20":"tag-ultimenotizieenewsdioggi","21":"tag-ultimenotizieitalia"},"share_on_mastodon":{"url":"https:\/\/pubeurope.com\/@it\/115859274477953921","error":""},"_links":{"self":[{"href":"https:\/\/www.europesays.com\/it\/wp-json\/wp\/v2\/posts\/296666","targetHints":{"allow":["GET"]}}],"collection":[{"href":"https:\/\/www.europesays.com\/it\/wp-json\/wp\/v2\/posts"}],"about":[{"href":"https:\/\/www.europesays.com\/it\/wp-json\/wp\/v2\/types\/post"}],"author":[{"embeddable":true,"href":"https:\/\/www.europesays.com\/it\/wp-json\/wp\/v2\/users\/3"}],"replies":[{"embeddable":true,"href":"https:\/\/www.europesays.com\/it\/wp-json\/wp\/v2\/comments?post=296666"}],"version-history":[{"count":0,"href":"https:\/\/www.europesays.com\/it\/wp-json\/wp\/v2\/posts\/296666\/revisions"}],"wp:featuredmedia":[{"embeddable":true,"href":"https:\/\/www.europesays.com\/it\/wp-json\/wp\/v2\/media\/296667"}],"wp:attachment":[{"href":"https:\/\/www.europesays.com\/it\/wp-json\/wp\/v2\/media?parent=296666"}],"wp:term":[{"taxonomy":"category","embeddable":true,"href":"https:\/\/www.europesays.com\/it\/wp-json\/wp\/v2\/categories?post=296666"},{"taxonomy":"post_tag","embeddable":true,"href":"https:\/\/www.europesays.com\/it\/wp-json\/wp\/v2\/tags?post=296666"}],"curies":[{"name":"wp","href":"https:\/\/api.w.org\/{rel}","templated":true}]}}