{"id":297106,"date":"2026-01-08T17:39:14","date_gmt":"2026-01-08T17:39:14","guid":{"rendered":"https:\/\/www.europesays.com\/it\/297106\/"},"modified":"2026-01-08T17:39:14","modified_gmt":"2026-01-08T17:39:14","slug":"ibsa-nextgen-cup-2025-26-i-risultati-al-termine-della-rs-e-il-tabellone-della-fase-finale","status":"publish","type":"post","link":"https:\/\/www.europesays.com\/it\/297106\/","title":{"rendered":"IBSA NextGen Cup 2025\/26: i risultati al termine della RS e il tabellone della Fase Finale"},"content":{"rendered":"<p class=\"css-tpvos8\">Al termine dell\u2019ultima giornata della fase a gironi della IBSA NextGen Cup 2025\/26, l\u2019Allianz Derthona Tortona (record 3-4) ha chiuso la sua avventura quest\u2019anno nella competizione con una vittoria contro la Guerri Napoli (record 2-7) mentre la UNA Hotels Reggio Emilia (record 5-2) ha staccato il pass per la fase finale battendo la Pallacanestro Varese (record 3-4 ma eliminata) per 72-81. La Trapani Shark (record 2-5) ha poi avuto la meglio contro la Vanoli Basket Cremona (record 3-4), con i lombardi che hanno comunque preso l\u2019ultimo posto nel girone valido per la Fase Finale. Infine, nella sfida per il primo posto, l\u2019EA7 Emporio Armani Milano (record 5-2) ha avuto la meglio dell\u2019APU Udine (record 5-2) per 102-77.<\/p>\n<p class=\"css-tpvos8\">Nel Girone B, la FAP Brescia (record 4-3) si \u00e8 garantita un posto nella Fase Finale di Torino con la vittoria per 58-96\u00a0contro il Banco di Sardegna Sassari (record 0-7), cos\u00ec come l\u2019Acqua S.Bernardo Cant\u00f9 (record 4-3) che ha vinto lo scontro diretto con la Pallacanestro Trieste (record 3-4), eliminandola dalla competizione. Nelle altre partite di giornata, la Virtus EmilBanca Bologna ha chiuso da imbattuta imponendosi per 72-38 contro la NutriBullet Treviso Basket (record 2-5) mentre l\u2019Umana Reyer Venezia (record 6-1) si \u00e8 imposta per 75-79 nel finale contro la Dolomiti Energia Trento (record 2-5).<\/p>\n<p class=\"css-tpvos8\">Grazie a questi risultati \u00e8 stato definito il tabellone della Fase Finale che si terr\u00e0 a Torino dal 19 al 21 febbraio 2026. Gioved\u00ec 19 i quarti di finale si disputeranno al PalaSermig mentre venerd\u00ec 20 e sabato 21 sono in programma semifinali e finale\u00a0all\u2019Inalpi Arena.<\/p>\n<p class=\"css-tpvos8\">EA7 Emporio Armani Milano (1A) \u2013 FAP Brescia (4B)<\/p>\n<p class=\"css-tpvos8\">Umana Reyer Venezia (2B) \u2013 UNA Hotels Reggio Emilia (3A)<\/p>\n<p class=\"css-tpvos8\">Virtus EmilBanca Bologna (1B) \u2013 Vanoli Basket Cremona (4A)<\/p>\n<p class=\"css-tpvos8\">APU Udine\u00a0(2A) \u2013 Acqua S.Bernardo Cant\u00f9 (3B)<\/p>\n","protected":false},"excerpt":{"rendered":"Al termine dell\u2019ultima giornata della fase a gironi della IBSA NextGen Cup 2025\/26, l\u2019Allianz Derthona Tortona (record 3-4)&hellip;\n","protected":false},"author":3,"featured_media":297107,"comment_status":"","ping_status":"","sticky":false,"template":"","format":"standard","meta":{"footnotes":""},"categories":[1453],"tags":[1756,1757,1537,90,89,245,244],"class_list":{"0":"post-297106","1":"post","2":"type-post","3":"status-publish","4":"format-standard","5":"has-post-thumbnail","7":"category-basket","8":"tag-basket","9":"tag-basketball","10":"tag-it","11":"tag-italia","12":"tag-italy","13":"tag-sport","14":"tag-sports"},"share_on_mastodon":{"url":"https:\/\/pubeurope.com\/@it\/115860705390645713","error":""},"_links":{"self":[{"href":"https:\/\/www.europesays.com\/it\/wp-json\/wp\/v2\/posts\/297106","targetHints":{"allow":["GET"]}}],"collection":[{"href":"https:\/\/www.europesays.com\/it\/wp-json\/wp\/v2\/posts"}],"about":[{"href":"https:\/\/www.europesays.com\/it\/wp-json\/wp\/v2\/types\/post"}],"author":[{"embeddable":true,"href":"https:\/\/www.europesays.com\/it\/wp-json\/wp\/v2\/users\/3"}],"replies":[{"embeddable":true,"href":"https:\/\/www.europesays.com\/it\/wp-json\/wp\/v2\/comments?post=297106"}],"version-history":[{"count":0,"href":"https:\/\/www.europesays.com\/it\/wp-json\/wp\/v2\/posts\/297106\/revisions"}],"wp:featuredmedia":[{"embeddable":true,"href":"https:\/\/www.europesays.com\/it\/wp-json\/wp\/v2\/media\/297107"}],"wp:attachment":[{"href":"https:\/\/www.europesays.com\/it\/wp-json\/wp\/v2\/media?parent=297106"}],"wp:term":[{"taxonomy":"category","embeddable":true,"href":"https:\/\/www.europesays.com\/it\/wp-json\/wp\/v2\/categories?post=297106"},{"taxonomy":"post_tag","embeddable":true,"href":"https:\/\/www.europesays.com\/it\/wp-json\/wp\/v2\/tags?post=297106"}],"curies":[{"name":"wp","href":"https:\/\/api.w.org\/{rel}","templated":true}]}}