{"id":297144,"date":"2026-01-08T18:12:10","date_gmt":"2026-01-08T18:12:10","guid":{"rendered":"https:\/\/www.europesays.com\/it\/297144\/"},"modified":"2026-01-08T18:12:10","modified_gmt":"2026-01-08T18:12:10","slug":"i-gemelli-salernitani-2shot-detenuti-ad-airola-cantano-con-il-rapper-lucariello-abbiamo-toccato-il-fondo-ora-vogliamo-risalire-e-volare","status":"publish","type":"post","link":"https:\/\/www.europesays.com\/it\/297144\/","title":{"rendered":"I gemelli salernitani 2Shot, detenuti ad Airola, cantano con il rapper Lucariello: \u00abAbbiamo toccato il fondo, ora vogliamo risalire e volare\u00bb"},"content":{"rendered":"<p>    di<br \/>\n    Giuliano Delli Paoli<\/p>\n<p class=\"summary-art is-line-h-12\">Il brano \u00abPetite\u00bb il primo singolo dei due giovani detenuti, oggi ventenni, nasce nell&#8217;ambito di un progetto avviato nel penitenziario beneventano<\/p>\n<p class=\"chapter-paragraph\">\u00abSono rimasto solo in questo buco nero, niente collane d\u2019oro, la vita a quale prezzo? [\u2026] Sai che non vedo l\u2019ora di dire ce l\u2019ho fatta, asciugher\u00f2 le lacrime sul viso di mia mamma\u00bb. Canta cos\u00ec\u00a0Petite, il primo singolo dei <b>2Shot<\/b> appena pubblicato. Il brano del gruppo salernitano, formato da due gemelli ventenni, vede ospite al microfono <b>Lucariello<\/b> ed \u00e8 nato all&#8217;interno dell&#8217;Istituto Penale per Minorenni di Airola, nel beneventano, tramite anche il sostegno di Cco Produzioni, un ramo del progetto Presidio Culturale Permanente promosso dall&#8217;associazione Crisi Come Opportunit\u00e0 ETS, associazione fondata nel 2006 che si occupa di laboratori di formazione e sensibilizzazione di giovani e comunit\u00e0\u0300 locali attraverso l\u2019uso dell\u2019arte in tutte le sue forme: teatro, rap, sceneggiatura, fotografia e cinema.\u00a0<\/p>\n<p class=\"chapter-paragraph\">Petite \u00e8 una ballata in chiave rap scritta e cantata per gridare al mondo la propria voglia di rivalsa e il desiderio di chiudere finalmente i conti con una vita difficile. <b>I 2Shot sono nati a Salerno nel 2005<\/b> da madre napoletana e padre met\u00e0 nigeriano e met\u00e0 cubano. La madre &#8211; attrice nella compagnia di Tato Russo &#8211; li ha cresciuti fra teatro e musica, e i due artisti si sono fin da piccoli appassionati fortemente al rap, in particolare ascoltando Clementino. Un amore per la musica per\u00f2 spezzato da una vita che si fa presto difficile:<b> la separazione dei genitori, le scelte sbagliate, la rabbia che esplode in strada<\/b>, fino all\u2019ingresso nel carcere minorile di <b>Airola<\/b>, dove sono tuttora detenuti. Un luogo di reclusione che diventa tuttavia anche lo spazio in cui il rap smette di essere solo un sogno e diventa un progetto condiviso con il\u00a0 napoletano <b>Luca Caiazzo, in arte Lucariello,<\/b> che tiene laboratori hip hop all\u2019interno dell\u2019istituto di detenzione e diventa per i due giovani rapper detenuti un riferimento artistico nonch\u00e9 il padre putativo della loro musica.    &#13;<br \/>\n&#13;<br \/>\n&#13;<br \/>\n&#13;<br \/>\n&#13;<br \/>\n&#13;<br \/>\n&#13;<br \/>\n&#13;<br \/>\n&#13;<br \/>\n&#13;<br \/>\n&#13;<br \/>\n&#13;<br \/>\n&#13;<br \/>\n&#13;<br \/>\n&#13;<br \/>\n&#13;<br \/>\n&#13;<br \/>\n&#13;<br \/>\n&#13;<br \/>\n&#13;<br \/>\n&#13;<br \/>\n&#13;<br \/>\n&#13;<br \/>\n&#13;<br \/>\n&#13;<br \/>\n&#13;<br \/>\n&#13;<br \/>\n&#13;<br \/>\n&#13;<br \/>\n&#13;<br \/>\n&#13;<br \/>\n&#13;<br \/>\n&#13;<br \/>\n&#13;<br \/>\n&#13;<br \/>\n&#13;<br \/>\n&#13;<br \/>\n&#13;<br \/>\n&#13;<br \/>\n&#13;<br \/>\n&#13;<br \/>\n&#13;<br \/>\n&#13;<br \/>\n&#13;<br \/>\n&#13;<br \/>\n&#13;<br \/>\n&#13;<br \/>\n&#13;<br \/>\n&#13;<br \/>\n&#13;<br \/>\n&#13;<br \/>\n&#13;<br \/>\n&#13;\n<\/p>\n<p class=\"chapter-paragraph\">\u00abIl testo \u2013 raccontano i due giovani artisti &#8211; menziona la citt\u00e0 di New York, e questa metafora vuole esprimere la nostra necessit\u00e0 di scostarci e sognarci quanto pi\u00f9 lontani possibile dalla realt\u00e0 nella quale abbiamo scritto questi versi. I giovani &#8216;Petite&#8217; che raccontiamo in questo brano sono gli stessi giovani in cui avremmo voluto vederci noi ma che, per forza di cose, non siamo ancora riusciti a essere. Poi chiss\u00e0, magari un giorno ascolteremo questo brano stando proprio a New York con la nostra famiglia. Abbiamo pi\u00f9 di 70 provini registrati nel computer dell\u2019IPM, e tra tutti abbiamo scelto Petite per avere l\u2019onore di fare un brano con Lucariello. Conoscendo la sua musica, fatta di testi abbastanza impegnati, ci siamo voluti presentare al pubblico con un brano intimo che ci mettesse a nudo, esponendo un lato che molti hanno paura di mostrare\u00bb. E ancora: \u00abAbbiamo toccato il fondo diverse volte, adesso vogliamo risalire e&#8230; volare\u00bb. Petite si sviluppa su una produzione musicale realizzata da Oyoshe, Lucariello e Shada San, su cui si alternano i versi rap \u2013 cantati sia in dialetto campano sia in italiano &#8211; dei due gemelli e di Lucariello stesso.<\/p>\n<p class=\"is-mr-t-20 is-mr-b-20\"><b><br \/>\n                    <a href=\"https:\/\/salerno.corriere.it\/?intcmp=Notizielocali_nd_010623_corriere_ss_salerno\" target=\"_blank\" rel=\"nofollow noopener\">Vai a tutte le notizie di Salerno<\/a><br \/>\n            <\/b><\/p>\n<p class=\"chapter-paragraph\"><b><a href=\"https:\/\/www.corriere.it\/newsletter\/?theme=50&amp;intcmp=NL-artic_nd_050624_corriere_ss_mezzogior\" target=\"_blank\" rel=\"nofollow noopener\">Iscriviti alla newsletter del Corriere del Mezzogiorno Campania<\/a><\/b><\/p>\n<p class=\"is-last-update\" datetime=\"2026-01-08T17:56:05+01:00\">8 gennaio 2026 ( modifica il 8 gennaio 2026 | 17:56)<\/p>\n<p class=\"is-copyright\">\n            \u00a9 RIPRODUZIONE RISERVATA\n        <\/p>\n","protected":false},"excerpt":{"rendered":"di Giuliano Delli Paoli Il brano \u00abPetite\u00bb il primo singolo dei due giovani detenuti, oggi ventenni, nasce nell&#8217;ambito&hellip;\n","protected":false},"author":3,"featured_media":297145,"comment_status":"","ping_status":"","sticky":false,"template":"","format":"standard","meta":{"footnotes":""},"categories":[1443],"tags":[174526,1615,8807,2332,174527,14096,938,6927,203,7216,45,11463,1598,955,97628,204,1196,1537,90,89,20471,174524,4045,3334,1538,1539,11040,11041,3608,174525,174528,2851,5322,2399,42242,174529,4409,4887,43983,174530,112658],"class_list":{"0":"post-297144","1":"post","2":"type-post","3":"status-publish","4":"format-standard","5":"has-post-thumbnail","7":"category-musica","8":"tag-airola","9":"tag-arte","10":"tag-artisti","11":"tag-associazione","12":"tag-beneventano","13":"tag-brano","14":"tag-detenuti","15":"tag-difficile","16":"tag-entertainment","17":"tag-fatta","18":"tag-fondo","19":"tag-gemelli","20":"tag-giovani","21":"tag-interno","22":"tag-interno-istituto","23":"tag-intrattenimento","24":"tag-istituto","25":"tag-it","26":"tag-italia","27":"tag-italy","28":"tag-laboratori","29":"tag-lucariello","30":"tag-madre","31":"tag-meta","32":"tag-music","33":"tag-musica","34":"tag-new","35":"tag-new-york","36":"tag-padre","37":"tag-petite","38":"tag-petite-singolo","39":"tag-progetto","40":"tag-rap","41":"tag-rapper","42":"tag-risalire","43":"tag-risalire-volare","44":"tag-singolo","45":"tag-teatro","46":"tag-toccato","47":"tag-toccato-fondo","48":"tag-ventenni"},"share_on_mastodon":{"url":"","error":"Validation failed: Text character limit of 500 exceeded"},"_links":{"self":[{"href":"https:\/\/www.europesays.com\/it\/wp-json\/wp\/v2\/posts\/297144","targetHints":{"allow":["GET"]}}],"collection":[{"href":"https:\/\/www.europesays.com\/it\/wp-json\/wp\/v2\/posts"}],"about":[{"href":"https:\/\/www.europesays.com\/it\/wp-json\/wp\/v2\/types\/post"}],"author":[{"embeddable":true,"href":"https:\/\/www.europesays.com\/it\/wp-json\/wp\/v2\/users\/3"}],"replies":[{"embeddable":true,"href":"https:\/\/www.europesays.com\/it\/wp-json\/wp\/v2\/comments?post=297144"}],"version-history":[{"count":0,"href":"https:\/\/www.europesays.com\/it\/wp-json\/wp\/v2\/posts\/297144\/revisions"}],"wp:featuredmedia":[{"embeddable":true,"href":"https:\/\/www.europesays.com\/it\/wp-json\/wp\/v2\/media\/297145"}],"wp:attachment":[{"href":"https:\/\/www.europesays.com\/it\/wp-json\/wp\/v2\/media?parent=297144"}],"wp:term":[{"taxonomy":"category","embeddable":true,"href":"https:\/\/www.europesays.com\/it\/wp-json\/wp\/v2\/categories?post=297144"},{"taxonomy":"post_tag","embeddable":true,"href":"https:\/\/www.europesays.com\/it\/wp-json\/wp\/v2\/tags?post=297144"}],"curies":[{"name":"wp","href":"https:\/\/api.w.org\/{rel}","templated":true}]}}