{"id":297165,"date":"2026-01-08T18:33:07","date_gmt":"2026-01-08T18:33:07","guid":{"rendered":"https:\/\/www.europesays.com\/it\/297165\/"},"modified":"2026-01-08T18:33:07","modified_gmt":"2026-01-08T18:33:07","slug":"la-nutribullet-ospita-varese-nellultima-partita-del-girone-di-andata","status":"publish","type":"post","link":"https:\/\/www.europesays.com\/it\/297165\/","title":{"rendered":"LA NUTRIBULLET OSPITA VARESE NELL\u2019ULTIMA PARTITA DEL GIRONE DI ANDATA"},"content":{"rendered":"<p>Domenica pomeriggio la <strong>Nutribullet Treviso Basket<\/strong> ospiter\u00e0 l\u2019<strong>Openjobmetis<\/strong> <strong>Varese<\/strong> in occasione della quindicesima giornata di LBA, l\u2019ultima del girone di andata. Il match, in programma alle <strong>ore 16<\/strong>, vedr\u00e0 anche il <strong>ritorno di coach Marcelo Nicola al Palaverde<\/strong>, dove ha lasciato il segno nel cuore dei tifosi sia nelle vesti di giocatore che in quelle di allenatore.<br \/>La terna arbitrale sar\u00e0 composta dai signori Rossi, Bartoli e Attard.<\/p>\n<p><strong>L\u2019AVVERSARIA<\/strong><br \/>La Varese di <strong>Ioannis Kastritis<\/strong> \u00e8 una delle squadre pi\u00f9 in forma di tutto il campionato e si presenter\u00e0 a Treviso con una striscia aperta di <strong>3 successi consecutivi<\/strong>: poco prima di Natale i biancorossi hanno battuto largamente Trieste, una settimana pi\u00f9 tardi hanno espugnato il PalaShark di Trapani e nell\u2019ultimo turno hanno vinto di misura contro Napoli, aprendo cos\u00ec nel migliore dei modi il loro 2026. Dopo un avvio di stagione non semplice, Varese ha cambiato marcia anche grazie all\u2019innesto dell\u2019ex TVB <strong>Ike Iroegbu<\/strong>, ad oggi il quarto miglior realizzatore della Serie A e quinto nella classifica degli assistman. Qualche settimana pi\u00f9 tardi, dal mercato di \u201criparazione\u201d \u00e8 arrivato anche il pari ruolo <strong>Carlos Stewart<\/strong>, a completamento di un reparto esterni che poteva gi\u00e0 contare sull\u2019atletismo e sull\u2019intensit\u00e0 di <strong>Taz\u00e8 Moore <\/strong>(sbarcato in Italia dopo varie esperienze in NBA e in G-League), sul talento di <strong>Allerik Freeman<\/strong> e sulla grinta del capitano <strong>Matteo Librizzi<\/strong>. Per quanto riguarda il reparto ali, invece, la Nutribullet dovr\u00e0 prestare grande attenzione al talentuoso <strong>Olivier Nkamhoua<\/strong> \u2013 protagonista assoluto degli ultimi Europei con la sua Finlandia e corteggiato da molte big del nostro Continente \u2013 ma anche al tonnellaggio di <strong>Elisee Assui <\/strong>e al tiro da fuori dell\u2019altro \u201cvolto noto\u201d, <strong>Davide Alviti<\/strong>. Completano le rotazioni i centri <strong>Nate Renfro<\/strong> e <strong>Maximilian Ladurner<\/strong>, gi\u00e0 avversari dei biancoazzurri ai tempi delle loro esperienze a Sassari e a Trento, rispettivamente.<\/p>\n<p>\u00a0<\/p>\n<p><strong>GLI EX<\/strong><br \/>Come detto, faranno ritorno al Palaverde <strong>Iroegbu<\/strong> e <strong>Alviti<\/strong>. Il primo ha disputato <strong>28 partite<\/strong> proprio sotto la guida di Marcelo Nicola nel corso della stagione <strong>2022\/23<\/strong>, nelle quali ha totalizzato 458 punti. I tifosi della Nutribullet ricorderanno in particolare i 34 (conditi da 10 rimbalzi) che il playmaker nigeriano\/statunitense ha messo a segno contro Tortona nel dicembre del 2022, decisivi per la vittoria nel finale in volata. Davide, invece, \u00e8 stato uno degli eroi della <strong>promozione <\/strong>di TVB nella massime serie, oltre che della vittoria della <strong>Coppa Italia LNP<\/strong>. Per lui anche 87 punti in LBA nell\u2019arco di 16 presenze.<\/p>\n","protected":false},"excerpt":{"rendered":"Domenica pomeriggio la Nutribullet Treviso Basket ospiter\u00e0 l\u2019Openjobmetis Varese in occasione della quindicesima giornata di LBA, l\u2019ultima del&hellip;\n","protected":false},"author":3,"featured_media":297166,"comment_status":"","ping_status":"","sticky":false,"template":"","format":"standard","meta":{"footnotes":""},"categories":[1453],"tags":[1756,1757,19581,1537,90,89,245,244],"class_list":{"0":"post-297165","1":"post","2":"type-post","3":"status-publish","4":"format-standard","5":"has-post-thumbnail","7":"category-basket","8":"tag-basket","9":"tag-basketball","10":"tag-in-evidenza","11":"tag-it","12":"tag-italia","13":"tag-italy","14":"tag-sport","15":"tag-sports"},"share_on_mastodon":{"url":"https:\/\/pubeurope.com\/@it\/115860917733337531","error":""},"_links":{"self":[{"href":"https:\/\/www.europesays.com\/it\/wp-json\/wp\/v2\/posts\/297165","targetHints":{"allow":["GET"]}}],"collection":[{"href":"https:\/\/www.europesays.com\/it\/wp-json\/wp\/v2\/posts"}],"about":[{"href":"https:\/\/www.europesays.com\/it\/wp-json\/wp\/v2\/types\/post"}],"author":[{"embeddable":true,"href":"https:\/\/www.europesays.com\/it\/wp-json\/wp\/v2\/users\/3"}],"replies":[{"embeddable":true,"href":"https:\/\/www.europesays.com\/it\/wp-json\/wp\/v2\/comments?post=297165"}],"version-history":[{"count":0,"href":"https:\/\/www.europesays.com\/it\/wp-json\/wp\/v2\/posts\/297165\/revisions"}],"wp:featuredmedia":[{"embeddable":true,"href":"https:\/\/www.europesays.com\/it\/wp-json\/wp\/v2\/media\/297166"}],"wp:attachment":[{"href":"https:\/\/www.europesays.com\/it\/wp-json\/wp\/v2\/media?parent=297165"}],"wp:term":[{"taxonomy":"category","embeddable":true,"href":"https:\/\/www.europesays.com\/it\/wp-json\/wp\/v2\/categories?post=297165"},{"taxonomy":"post_tag","embeddable":true,"href":"https:\/\/www.europesays.com\/it\/wp-json\/wp\/v2\/tags?post=297165"}],"curies":[{"name":"wp","href":"https:\/\/api.w.org\/{rel}","templated":true}]}}