{"id":297184,"date":"2026-01-08T18:45:10","date_gmt":"2026-01-08T18:45:10","guid":{"rendered":"https:\/\/www.europesays.com\/it\/297184\/"},"modified":"2026-01-08T18:45:10","modified_gmt":"2026-01-08T18:45:10","slug":"il-15-gennaio-apre-la-spa-di-choruslife","status":"publish","type":"post","link":"https:\/\/www.europesays.com\/it\/297184\/","title":{"rendered":"Il 15 gennaio apre la spa di ChorusLife"},"content":{"rendered":"\n<p>Gioved\u00ec 15 gennaio apre <strong class=\"nero\">la spa di ChorusLife,<\/strong> nuova destinazione dedicata al benessere immersivo.<\/p>\n<p>  La spa a ChorusLife <\/p>\n<p>Un\u2019area di 9mila metri quadrati su pi\u00f9 livelli, <strong class=\"nero\">con 30 esperienze combinabili e cinque mondi ispirati alle grandi culture del benessere.<\/strong> Un percorso progettato per ampiezza e continuit\u00e0 di fruizione, basato sull\u2019alternanza sensoriale, studiato per ridurre attese e punti di congestione.<\/p>\n<p>  Cinque aree tematiche <\/p>\n<p>Un\u2019esperienza attraverso cinque ambienti: Giappone (Il respiro sospeso), Roma (La memoria antica), paesi nordici (L\u2019alternanza che risveglia), Himalaya (L\u2019altitudine che rigenera) e Marocco (Il calore che avvolge): <strong class=\"nero\">non cambiano solo le scenografie,<\/strong> ma anche materiali, temeperature, luci. Con suoni e profumi tematici per ogni area.<\/p>\n<p><a data-title=\"Una delle aree, tra interno ed esterno\" href=\"https:\/\/storage.ecodibergamo.it\/media\/photologue\/2026\/1\/8\/photos\/il-15-gennaio-apre-la-spa-di-choruslife-dedicata-al-benessere-immersivo_fd2abcd6-ecb0-11f0-b2fc-f9785b85cf98_1920_1280.jpg\" title=\"Una delle aree, tra interno ed esterno\" rel=\"nofollow noopener\" target=\"_blank\"><br \/>\n<img decoding=\"async\" alt=\"Una delle aree, tra interno ed esterno\" class=\"lozad\" src=\"https:\/\/www.europesays.com\/it\/wp-content\/uploads\/2026\/01\/il-15-gennaio-apre-la-spa-di-choruslife-dedicata-al-benessere-immersivo_fd2abcd6-ecb0-11f0-b2fc-f978.jpeg\" title=\"Una delle aree, tra interno ed esterno\" width=\"100%\"\/><br \/>\n<\/a><\/p>\n<p>        Una delle aree, tra interno ed esterno<\/p>\n<p>La spa a ChorusLife nasce grazie a <strong class=\"nero\">un investimento complessivo di circa 20 milioni di euro,<\/strong> per un progetto curato da Stefano Genoni, Maurizia Catalfamo e Fulvio Papponetti dello Studio Ral3020. Un ulteriore tassello che integra l\u2019ecosistema del quartiere, tra benessere e tempo libero.<\/p>\n<p>  Info utili <\/p>\n<p>La spa di ChorusLife si trova a Bergamo, con ingresso pedonale da via Bianzana 52 e parcheggio in via Bianzana 54 e via Serassi 26. <strong class=\"nero\">La Spa \u00e8 aperta dalla domenica al gioved\u00ec dalle 9 alle 23, venerd\u00ec e sabato dalle 9 a mezzanotte,<\/strong> con uscita dalle esperienze mezz\u2019ora prima della chiusura. Prezzo: a partire da 50 euro, con formule multi-visita e per i gruppi. Tutte le info su <a href=\"https:\/\/chorusspa.com\/\" target=\"_blank\" title=\"chorusspa.com\" rel=\"nofollow noopener\">chorusspa.com. <\/a> <\/p>\n","protected":false},"excerpt":{"rendered":"Gioved\u00ec 15 gennaio apre la spa di ChorusLife, nuova destinazione dedicata al benessere immersivo. La spa a ChorusLife&hellip;\n","protected":false},"author":3,"featured_media":297185,"comment_status":"","ping_status":"","sticky":false,"template":"","format":"standard","meta":{"footnotes":""},"categories":[172],"tags":[178,177,129143,2664,1537,90,89,240,11145,188,2062,2644],"class_list":{"0":"post-297184","1":"post","2":"type-post","3":"status-publish","4":"format-standard","5":"has-post-thumbnail","7":"category-affari","8":"tag-affari","9":"tag-business","10":"tag-choruslife","11":"tag-cura","12":"tag-it","13":"tag-italia","14":"tag-italy","15":"tag-salute","16":"tag-svaghi-generico","17":"tag-tempo-libero","18":"tag-turismo","19":"tag-vacanze"},"share_on_mastodon":{"url":"https:\/\/pubeurope.com\/@it\/115860964985648683","error":""},"_links":{"self":[{"href":"https:\/\/www.europesays.com\/it\/wp-json\/wp\/v2\/posts\/297184","targetHints":{"allow":["GET"]}}],"collection":[{"href":"https:\/\/www.europesays.com\/it\/wp-json\/wp\/v2\/posts"}],"about":[{"href":"https:\/\/www.europesays.com\/it\/wp-json\/wp\/v2\/types\/post"}],"author":[{"embeddable":true,"href":"https:\/\/www.europesays.com\/it\/wp-json\/wp\/v2\/users\/3"}],"replies":[{"embeddable":true,"href":"https:\/\/www.europesays.com\/it\/wp-json\/wp\/v2\/comments?post=297184"}],"version-history":[{"count":0,"href":"https:\/\/www.europesays.com\/it\/wp-json\/wp\/v2\/posts\/297184\/revisions"}],"wp:featuredmedia":[{"embeddable":true,"href":"https:\/\/www.europesays.com\/it\/wp-json\/wp\/v2\/media\/297185"}],"wp:attachment":[{"href":"https:\/\/www.europesays.com\/it\/wp-json\/wp\/v2\/media?parent=297184"}],"wp:term":[{"taxonomy":"category","embeddable":true,"href":"https:\/\/www.europesays.com\/it\/wp-json\/wp\/v2\/categories?post=297184"},{"taxonomy":"post_tag","embeddable":true,"href":"https:\/\/www.europesays.com\/it\/wp-json\/wp\/v2\/tags?post=297184"}],"curies":[{"name":"wp","href":"https:\/\/api.w.org\/{rel}","templated":true}]}}