{"id":297351,"date":"2026-01-08T21:03:09","date_gmt":"2026-01-08T21:03:09","guid":{"rendered":"https:\/\/www.europesays.com\/it\/297351\/"},"modified":"2026-01-08T21:03:09","modified_gmt":"2026-01-08T21:03:09","slug":"cosa-e-rimasto-a-roma-del-giubileo","status":"publish","type":"post","link":"https:\/\/www.europesays.com\/it\/297351\/","title":{"rendered":"Cosa \u00e8 rimasto a Roma del Giubileo"},"content":{"rendered":"<p>Caricamento player<\/p>\n<p>Marted\u00ec 6 gennaio <a href=\"https:\/\/www.ilpost.it\/2026\/01\/06\/giubileo-fine\/\" rel=\"nofollow noopener\" target=\"_blank\">si \u00e8 concluso<\/a> il <a href=\"https:\/\/www.ilpost.it\/2024\/12\/23\/cose-esattamente-un-giubileo\/\" rel=\"nofollow noopener\" target=\"_blank\">Giubileo<\/a>, il periodo di circa un anno considerato sacro per la Chiesa cattolica, in cui i fedeli da tutto il mondo vengono incoraggiati ad andare a Roma in pellegrinaggio.<\/p>\n<p>Per l\u2019occasione Roma ha ricevuto oltre un miliardo e mezzo di euro, per fare centinaia di interventi per migliorare la citt\u00e0 e cercare di renderla pi\u00f9 accessibile, sicura e sostenibile a livello ambientale, e per migliorare le condizioni di vita delle persone pi\u00f9 fragili, coerentemente con lo spirito del Giubileo. La gran parte degli interventi completati riguarda la riqualificazione di parti della citt\u00e0 e la valorizzazione del suo patrimonio culturale: c\u2019\u00e8 ancora molto da fare su accessibilit\u00e0, accoglienza e trasporti.<\/p>\n<p>Gli interventi sono divisi in due gruppi:\u00a0il pi\u00f9 importante ne comprende 287, l\u2019altro 336. Il\u00a0<a href=\"https:\/\/www.comune.roma.it\/web-resources\/cms\/documents\/Indice_Interventi_Giubileo_251219.pdf\" rel=\"nofollow noopener\" target=\"_blank\">primo<\/a> riguarda la citt\u00e0 nel suo complesso: accessibilit\u00e0 e mobilit\u00e0, accoglienza, riqualificazione e valorizzazione del territorio, sostenibilit\u00e0 ambientale; <a href=\"https:\/\/www.ministeroturismo.gov.it\/wp-content\/uploads\/2022\/06\/Programma-_Caput-Mundi.pdf\" rel=\"nofollow noopener\" target=\"_blank\">il secondo<\/a>, noto come \u201c<a href=\"https:\/\/www.comune.roma.it\/web\/it\/notizia.page?contentId=NWS940682\" rel=\"nofollow noopener\" target=\"_blank\">Caput Mundi<\/a>\u201d, riguardava nello specifico la valorizzazione del patrimonio archeologico, artistico e culturale della citt\u00e0. Sono stati entrambi finanziati, oltre che coi fondi giubilari, anche con fondi comunali, regionali e nazionali, tra cui quelli del Piano Nazionale di Ripresa e Resilienza (il PNRR, il piano di riforme e investimenti finanziato con fondi europei).<\/p>\n<p>Le scadenze per gli interventi erano diverse a seconda dell\u2019urgenza: alcuni si sarebbero dovuti concludere entro il 2024, per altri c\u2019\u00e8 tempo fino alla fine del 2026. Complessivamente tra il 30 e il 40 per cento degli interventi sono <a href=\"https:\/\/roma.repubblica.it\/cronaca\/2025\/12\/31\/news\/giubileo_cantieri_fine_anno_bilancio-425069183\/\" rel=\"nofollow noopener\" target=\"_blank\">conclusi<\/a>, ma i lavori sono in ritardo: gi\u00e0 quest\u2019estate la Corte di conti aveva messo <a href=\"https:\/\/www.ilpost.it\/2025\/07\/15\/ritardo-cantieri-giubileo-2025-corte-conti\/\" rel=\"nofollow noopener\" target=\"_blank\">pressione<\/a> sul sindaco Roberto Gualtieri (che \u00e8 anche commissario straordinario per il Giubileo) per il completamento di decine di interventi considerati prioritari ma ancora incompiuti (<a href=\"https:\/\/www.comune.roma.it\/web-resources\/cms\/documents\/Indice_Interventi_Giubileo_251219.pdf\" rel=\"nofollow noopener\" target=\"_blank\">qui c\u2019\u00e8 la lista completa<\/a> degli interventi del primo gruppo).<\/p>\n<p>Nel programma ci sono interventi anche di portata molto diversa, alcuni strutturali e con conseguenze a lungo termine, altri ben pi\u00f9 piccoli. Per capirci: nel gruppo di interventi per l\u2019accoglienza c\u2019\u00e8 il potenziamento di infrastrutture per la sicurezza ma anche l\u2019acquisto del vestiario per i membri della Protezione civile.<\/p>\n<p>Bench\u00e9 l\u2019obiettivo iniziale del programma per il Giubileo fosse rendere la citt\u00e0 pi\u00f9 accessibile e sostenibile per i pellegrini e i turisti, e pi\u00f9 accogliente per le categorie pi\u00f9 fragili, la maggior parte dei lavori completati \u00e8 stata utile soprattutto per chi vive a Roma. Ha permesso di riaprire infrastrutture che ormai da tempo erano in stato di abbandono, come il Ponte dell\u2019Industria, chiamato dai romani \u201cPonte di Ferro\u201d (tra i quartieri Ostiense, Marconi e Portuense), che era chiuso da quattro anni dopo essere stato danneggiato in un incendio; o la <a href=\"https:\/\/www.finestresullarte.info\/en\/news\/rome-calatrava-s-vela-finally-reborn-after-years-of-neglect\" rel=\"nofollow noopener\" target=\"_blank\">vela di Calatrava<\/a>, imponente struttura progettata dall\u2019architetto e ingegnere spagnolo Santiago Calatrava a Tor Vergata, nella zona sud-est di Roma, che era abbandonata dal 2005.<\/p>\n<p>Molti altri interventi hanno riguardato la riqualificazione di strade, marciapiedi, <a href=\"https:\/\/www.comune.roma.it\/web\/it\/notizia\/mun15-inaugurato-parco-affaccio-tra-ponte-milvio-e-ponte-flaminio.page\" rel=\"nofollow noopener\" target=\"_blank\">parchi pubblici<\/a>, il miglioramento della segnaletica stradale, alcuni interventi sull\u2019accessibilit\u00e0, sulla sicurezza e sulla mobilit\u00e0 sostenibile. Su quest\u2019ultimo punto uno dei progetti che aveva attirato pi\u00f9 attenzioni era il cosiddetto \u201c<a href=\"https:\/\/www.romasitrasforma.it\/intervento\/sostenibilita\/grab\" rel=\"nofollow noopener\" target=\"_blank\">Grande Raccordo Anulare delle Bici<\/a>\u201d, un lungo percorso ciclabile di circa 50 chilometri che collega le zone centrali di Roma con quelle pi\u00f9 esterne, per cui sono stati investiti circa 15 milioni di euro (per la quasi totalit\u00e0 soldi del PNRR): era categorizzato come \u00abessenziale\u00bb ma \u00e8 ancora un cantiere, e il completamento \u00e8 previsto per il secondo trimestre del 2026.<\/p>\n<p>La lista di interventi per il Giubileo ne prevedeva anche alcuni sui trasporti pubblici, in parte finanziati col PNRR, per esempio per la fornitura di nuovi treni per le metropolitane A e B, la costruzione di un nuovo deposito dei tram e alcuni interventi sulla ferrovia che collega Roma a Ostia. Tutti e tre questi interventi erano considerati prioritari ma sono ancora incompleti: il pi\u00f9 vicino alla conclusione \u00e8 la fornitura dei treni nuovi per le metropolitane A e B.<\/p>\n<p>Rispetto alle categorie pi\u00f9 fragili, come le persone senza dimora o gli anziani, il grosso \u00e8 ancora in corso: \u00e8 stato completato l\u2019acquisto di dotazioni per un campo di accoglienza da 250 posti (per cui \u00e8 stato speso un milione e mezzo di euro) e sta per concludersi un potenziamento dei servizi di residenzialit\u00e0 temporanea per persone in condizioni di fragilit\u00e0 estrema (come persone senza dimora, persone anziane e non autosufficienti, magari isolate dal punto di vista sociale), per cui sono stati stanziati oltre due milioni di euro. Due centri di aggregazione per persone anziane da riqualificare e rendere pi\u00f9 accessibili, entrambi interventi categorizzati come \u00abessenziali\u00bb, sono ancora allo stato di cantiere.<\/p>\n<p>Uno dei temi pi\u00f9 discussi del Giubileo comunque ha riguardato le persone senza dimora: l\u2019idea di dare maggiore assistenza ai senzatetto ha una valenza religiosa e simbolica coerente coi principi del Giubileo, ma c\u2019entra molto anche l\u2019immagine che Roma vuole dare di s\u00e9 dopo un anno in cui avuto molte attenzioni addosso e moltissimi visitatori. Per il Giubileo il comune di Roma aveva previsto la costruzione di quattro tensostrutture per l\u2019accoglienza dei senzatetto vicino alle stazioni ferroviarie e alla basilica di San Pietro, oltre al potenziamento delle risorse per questa categoria di persone. Le tecnostrutture sono state effettivamente costruite, e <a href=\"https:\/\/www.comune.roma.it\/web\/it\/notizia\/giubileo-tensostrutture-accoglienza-resteranno-operative.page\" rel=\"nofollow noopener\" target=\"_blank\">resteranno aperte<\/a> anche ora che il Giubileo \u00e8 concluso.<\/p>\n<p><strong>\u2013 Leggi anche:<\/strong> <a class=\"leggi-anche\" href=\"https:\/\/www.ilpost.it\/2024\/12\/24\/giubileo-senzatetto-tensostrutture\/?utm_source=ilpost&amp;utm_medium=leggi_anche&amp;utm_campaign=leggi_anche\" rel=\"nofollow noopener\" target=\"_blank\">Il Giubileo e i senzatetto<\/a><\/p>\n","protected":false},"excerpt":{"rendered":"Caricamento player Marted\u00ec 6 gennaio si \u00e8 concluso il Giubileo, il periodo di circa un anno considerato sacro&hellip;\n","protected":false},"author":3,"featured_media":297352,"comment_status":"","ping_status":"","sticky":false,"template":"","format":"standard","meta":{"footnotes":""},"categories":[79],"tags":[14,93,94,1537,90,89,7,15,11,84,91,12,85,92],"class_list":{"0":"post-297351","1":"post","2":"type-post","3":"status-publish","4":"format-standard","5":"has-post-thumbnail","7":"category-italia","8":"tag-cronaca","9":"tag-cronaca-italiana","10":"tag-cronacaitaliana","11":"tag-it","12":"tag-italia","13":"tag-italy","14":"tag-news","15":"tag-notizie","16":"tag-ultime-notizie","17":"tag-ultime-notizie-e-news-di-oggi","18":"tag-ultime-notizie-italia","19":"tag-ultimenotizie","20":"tag-ultimenotizieenewsdioggi","21":"tag-ultimenotizieitalia"},"share_on_mastodon":{"url":"https:\/\/pubeurope.com\/@it\/115861507616121311","error":""},"_links":{"self":[{"href":"https:\/\/www.europesays.com\/it\/wp-json\/wp\/v2\/posts\/297351","targetHints":{"allow":["GET"]}}],"collection":[{"href":"https:\/\/www.europesays.com\/it\/wp-json\/wp\/v2\/posts"}],"about":[{"href":"https:\/\/www.europesays.com\/it\/wp-json\/wp\/v2\/types\/post"}],"author":[{"embeddable":true,"href":"https:\/\/www.europesays.com\/it\/wp-json\/wp\/v2\/users\/3"}],"replies":[{"embeddable":true,"href":"https:\/\/www.europesays.com\/it\/wp-json\/wp\/v2\/comments?post=297351"}],"version-history":[{"count":0,"href":"https:\/\/www.europesays.com\/it\/wp-json\/wp\/v2\/posts\/297351\/revisions"}],"wp:featuredmedia":[{"embeddable":true,"href":"https:\/\/www.europesays.com\/it\/wp-json\/wp\/v2\/media\/297352"}],"wp:attachment":[{"href":"https:\/\/www.europesays.com\/it\/wp-json\/wp\/v2\/media?parent=297351"}],"wp:term":[{"taxonomy":"category","embeddable":true,"href":"https:\/\/www.europesays.com\/it\/wp-json\/wp\/v2\/categories?post=297351"},{"taxonomy":"post_tag","embeddable":true,"href":"https:\/\/www.europesays.com\/it\/wp-json\/wp\/v2\/tags?post=297351"}],"curies":[{"name":"wp","href":"https:\/\/api.w.org\/{rel}","templated":true}]}}