{"id":297524,"date":"2026-01-08T23:32:10","date_gmt":"2026-01-08T23:32:10","guid":{"rendered":"https:\/\/www.europesays.com\/it\/297524\/"},"modified":"2026-01-08T23:32:10","modified_gmt":"2026-01-08T23:32:10","slug":"la-teoria-di-ravezzani-sullinter-produce-cosi-tante-occasioni-che","status":"publish","type":"post","link":"https:\/\/www.europesays.com\/it\/297524\/","title":{"rendered":"La teoria di Ravezzani sull&#8217;Inter: &#8220;Produce cos\u00ec tante occasioni che&#8230;&#8221;"},"content":{"rendered":"<p>La teoria del direttore di TL <\/p>\n<p>Ieri l&#8217;<strong>Inter<\/strong> di <strong>Cristian Chivu<\/strong> ha battuto il <strong>Parma<\/strong>. Una vittoria importantissima, che tiene i nerazzurri inchiodati in vetta alla classifica. La prestazione della squadra di Chivu \u00e8 stata positiva soprattutto nell&#8217;ottica della continuit\u00e0. Un elemento che continua a contraddistinguere il gioco dell&#8217;Inter \u00e8 il numero elevatissimo di occasioni create. A questo proposito il direttore di TL, <strong>Fabio Ravezzani<\/strong>, ha esposto una sua teoria: <strong><a href=\"https:\/\/www.golssip.it\/gossip\/calcio\/ravezzani-teoria-balzana-inter-produce\/\" rel=\"nofollow noopener\" target=\"_blank\">CONTINUA A LEGGERE<\/a><\/strong>.<\/p>\n<p class=\"is-copyright\">\u00a9 RIPRODUZIONE RISERVATA<\/p>\n","protected":false},"excerpt":{"rendered":"La teoria del direttore di TL Ieri l&#8217;Inter di Cristian Chivu ha battuto il Parma. Una vittoria importantissima,&hellip;\n","protected":false},"author":3,"featured_media":297525,"comment_status":"","ping_status":"","sticky":false,"template":"","format":"standard","meta":{"footnotes":""},"categories":[1452],"tags":[721,2839,934,1109,123846,1740,350,1537,90,89,1739,245,244,32726],"class_list":{"0":"post-297524","1":"post","2":"type-post","3":"status-publish","4":"format-standard","5":"has-post-thumbnail","7":"category-calcio","8":"tag-calcio","9":"tag-chivu","10":"tag-continua","11":"tag-direttore","12":"tag-direttore-tl","13":"tag-football","14":"tag-inter","15":"tag-it","16":"tag-italia","17":"tag-italy","18":"tag-soccer","19":"tag-sport","20":"tag-sports","21":"tag-teoria"},"share_on_mastodon":{"url":"https:\/\/pubeurope.com\/@it\/115862093394708252","error":""},"_links":{"self":[{"href":"https:\/\/www.europesays.com\/it\/wp-json\/wp\/v2\/posts\/297524","targetHints":{"allow":["GET"]}}],"collection":[{"href":"https:\/\/www.europesays.com\/it\/wp-json\/wp\/v2\/posts"}],"about":[{"href":"https:\/\/www.europesays.com\/it\/wp-json\/wp\/v2\/types\/post"}],"author":[{"embeddable":true,"href":"https:\/\/www.europesays.com\/it\/wp-json\/wp\/v2\/users\/3"}],"replies":[{"embeddable":true,"href":"https:\/\/www.europesays.com\/it\/wp-json\/wp\/v2\/comments?post=297524"}],"version-history":[{"count":0,"href":"https:\/\/www.europesays.com\/it\/wp-json\/wp\/v2\/posts\/297524\/revisions"}],"wp:featuredmedia":[{"embeddable":true,"href":"https:\/\/www.europesays.com\/it\/wp-json\/wp\/v2\/media\/297525"}],"wp:attachment":[{"href":"https:\/\/www.europesays.com\/it\/wp-json\/wp\/v2\/media?parent=297524"}],"wp:term":[{"taxonomy":"category","embeddable":true,"href":"https:\/\/www.europesays.com\/it\/wp-json\/wp\/v2\/categories?post=297524"},{"taxonomy":"post_tag","embeddable":true,"href":"https:\/\/www.europesays.com\/it\/wp-json\/wp\/v2\/tags?post=297524"}],"curies":[{"name":"wp","href":"https:\/\/api.w.org\/{rel}","templated":true}]}}