{"id":297526,"date":"2026-01-08T23:33:14","date_gmt":"2026-01-08T23:33:14","guid":{"rendered":"https:\/\/www.europesays.com\/it\/297526\/"},"modified":"2026-01-08T23:33:14","modified_gmt":"2026-01-08T23:33:14","slug":"da-bambina-molestata-da-un-amico-di-famiglia-con-mio-marito-rapporto-a-distanza","status":"publish","type":"post","link":"https:\/\/www.europesays.com\/it\/297526\/","title":{"rendered":"Da bambina molestata da un amico di famiglia, con mio marito rapporto a distanza"},"content":{"rendered":"<p>Camila Raznovich si racconta in una lunga intervista al settimanale F, che ha il suo passaggio pi\u00f9 scioccante, nella rivelazione di un episodio dell&#8217;infanzia della conduttrice, un episodio vissuto nel silenzio ma che la ha, inevitabilmente segnata.<\/p>\n<p>Camila Raznovich shock: \u201cDa bambina sono stata molestata da un adulto mentre guardavo i cartoni animati\u201d<\/p>\n<p>\u201cQuesto amico di famiglia mi ha infilato le mani dentro le mutandine mentre io guardavo i cartoni animati, ma non ho avuto paura, non capivo bene\u201d. Il racconto di Camila Raznovich non potrebbe essere pi\u00f9 diretto, come \u00e8 nel suo stile.\u00a0<\/p>\n<p>La conduttrice ricorda con queste parole l&#8217;episodio di molestia subita durante l&#8217;infanzia e racconta anche la sua reazione di bambina a quell&#8217;evento: &#8220;Non l\u2019ho raccontato ai miei perch\u00e9 sentivo comunque che non era giusto e temevo che se lo avessi detto a mia mamma, lei, che \u00e8 molto impulsiva, avrebbe potuto letteralmente ucciderlo. Cos\u00ec sarebbe andata in prigione, e io sarei rimasta sola&#8221;.<\/p>\n<p>Racconta anche che una paura simile a quella vissuta in quel momento, l&#8217;ha provata altre volta nella vita, quando si \u00e8 sentita una preda in pericolo, per esempio: \u201cQuando su un traghetto il capitano ha cercato violentemente di entrare dove dormivo. O in Sud America: hanno fermato l\u2019autobus su cui viaggiavo e hanno tirato gi\u00f9 solo me, portandomi nel gabbiotto delle guardie&#8230;\u201d<\/p>\n<p>La conduttrice del Kilimangiaro, ha anche raccontato la sua vita famigliare: madre di due figli ormai grandi, Sole e Viola, di 13 e 16 anni avuti da Eugenio Campari, \u00e8 legata da otto anni al marito, l&#8217;imprenditore francese Loic Fleury, che continua a vivere in Francia. Il matrimonio e l&#8217;amore dunque, nel caso di Camila Raznovich non si \u00e8 trasformato in una convivenza. E di questo elemento, la conduttrice ne parla come di qualcosa che ha rafforzato il rapporto di coppia: \u201cormai sono quasi otto anni che stiamo insieme. Lui vive in Francia, non ci vediamo tutti i giorni e questo forse aiuta\u201d.<\/p>\n<p><a href=\"https:\/\/www.today.it\/gossip\/vip\/camila-raznovich-matrimonio-foto-loic-fleury.html\" target=\"_blank\" rel=\"nofollow noopener\">Camila Raznovich ha sposato il suo amato Loic: le foto colme d&#8217;amore<\/a><\/p>\n<p>La conduttrice, al momento, oltre che nel suo storico programma di Rai Tre, \u00e8 impegnata anche in un tour per teatri in cui, riprendendo il suo storico programma di MTV, Loveline, parla di educazione sessuale. Un tema di cui, secondo la conduttrice, la nuova generazione sa poco o niente.<\/p>\n<p>\u201c Molti genitori che sono venuti a vedere lo spettacolo vorrebbero tornarci con i figli. Anche perch\u00e9 adesso i ragazzi si informano solo su YouTube e con gli influencer ma nessuna sa dove sia il punto G\u2026. \u201d E spiega: \u00abRispetto a quando facevo Loveline, oggi i ragazzi hanno pi\u00f9 paura, e quindi si astengono. I rapporti sono sempre pi\u00f9 virtuali, passa tutto attraverso lo schermo, infatti i 14-18enni guardano moltissimo porno. Per\u00f2 poi mancano i contatti fisici&#8221;.<\/p>\n","protected":false},"excerpt":{"rendered":"Camila Raznovich si racconta in una lunga intervista al settimanale F, che ha il suo passaggio pi\u00f9 scioccante,&hellip;\n","protected":false},"author":3,"featured_media":297527,"comment_status":"","ping_status":"","sticky":false,"template":"","format":"standard","meta":{"footnotes":""},"categories":[1451],"tags":[1621,1620,203,204,1537,90,89],"class_list":{"0":"post-297526","1":"post","2":"type-post","3":"status-publish","4":"format-standard","5":"has-post-thumbnail","7":"category-celebrita","8":"tag-celebrita","9":"tag-celebrities","10":"tag-entertainment","11":"tag-intrattenimento","12":"tag-it","13":"tag-italia","14":"tag-italy"},"share_on_mastodon":{"url":"https:\/\/pubeurope.com\/@it\/115862097409047669","error":""},"_links":{"self":[{"href":"https:\/\/www.europesays.com\/it\/wp-json\/wp\/v2\/posts\/297526","targetHints":{"allow":["GET"]}}],"collection":[{"href":"https:\/\/www.europesays.com\/it\/wp-json\/wp\/v2\/posts"}],"about":[{"href":"https:\/\/www.europesays.com\/it\/wp-json\/wp\/v2\/types\/post"}],"author":[{"embeddable":true,"href":"https:\/\/www.europesays.com\/it\/wp-json\/wp\/v2\/users\/3"}],"replies":[{"embeddable":true,"href":"https:\/\/www.europesays.com\/it\/wp-json\/wp\/v2\/comments?post=297526"}],"version-history":[{"count":0,"href":"https:\/\/www.europesays.com\/it\/wp-json\/wp\/v2\/posts\/297526\/revisions"}],"wp:featuredmedia":[{"embeddable":true,"href":"https:\/\/www.europesays.com\/it\/wp-json\/wp\/v2\/media\/297527"}],"wp:attachment":[{"href":"https:\/\/www.europesays.com\/it\/wp-json\/wp\/v2\/media?parent=297526"}],"wp:term":[{"taxonomy":"category","embeddable":true,"href":"https:\/\/www.europesays.com\/it\/wp-json\/wp\/v2\/categories?post=297526"},{"taxonomy":"post_tag","embeddable":true,"href":"https:\/\/www.europesays.com\/it\/wp-json\/wp\/v2\/tags?post=297526"}],"curies":[{"name":"wp","href":"https:\/\/api.w.org\/{rel}","templated":true}]}}