{"id":297575,"date":"2026-01-09T00:13:10","date_gmt":"2026-01-09T00:13:10","guid":{"rendered":"https:\/\/www.europesays.com\/it\/297575\/"},"modified":"2026-01-09T00:13:10","modified_gmt":"2026-01-09T00:13:10","slug":"iran-continuano-le-proteste-contro-il-governo-almeno-45-morti-trump-pronti-a-colpire-duramente","status":"publish","type":"post","link":"https:\/\/www.europesays.com\/it\/297575\/","title":{"rendered":"Iran, continuano le proteste contro il governo: almeno 45 morti. Trump: \u00abPronti a colpire duramente\u00bb"},"content":{"rendered":"<p>\n                            Il punto sui temi di attualit\u00e0, ogni luned\u00ec<br \/>\n                            <b>Iscriviti<\/b> e ricevi le notizie via email\n                        <\/p>\n<p>\u00abQuesta non \u00e8 l&#8217;ultima battaglia, Pahlavi sta tornando\u00bb. Questo il grido dei manifestanti in <strong><a href=\"https:\/\/www.ilmessaggero.it\/t\/iran\" rel=\"nofollow noopener\" target=\"_blank\">Iran<\/a>\u00a0<\/strong>contro il governo degli <strong><a href=\"https:\/\/www.ilmessaggero.it\/t\/ayatollah\" rel=\"nofollow noopener\" target=\"_blank\">Ayatollah<\/a><\/strong>.\u00a0Da Urmia a Kermanshah, passando per la capitale <strong><a href=\"https:\/\/www.ilmessaggero.it\/t\/teheran\" rel=\"nofollow noopener\" target=\"_blank\">Teheran<\/a><\/strong>, <strong>in migliaia sono scesi in piazza per lanciare al regime una sfida che non ha precedenti negli ultimi quattro anni<\/strong>, da quando la morte della giovane Mahsa Amini &#8211; arrestata dalla polizia con l&#8217;accusa di non aver indossato correttamente l&#8217;hijab &#8211; fece scatenare la protesta della gente con il motto \u00abDonna, vita, libert\u00e0\u00bb.\u00a0<\/p>\n<p>&#13;<br \/>\n    APPROFONDIMENTI&#13;<\/p>\n<p>&#13;<\/p>\n<p>                <a href=\"https:\/\/www.ilmessaggero.it\/video\/askanews\/iran_proteste_cosa_sta_accadendo_oggi-9286088.html\" title=\"Video\" rel=\"nofollow noopener\" target=\"_blank\"><img loading=\"lazy\" decoding=\"async\" src=\"https:\/\/www.europesays.com\/it\/wp-content\/uploads\/2026\/01\/9286088_poster.jpg\" title=\"Video\" width=\"64\" height=\"64\" data-pagespeed-no-transform=\"\"\/><\/a>            <\/p>\n<p>    &#13;<\/p>\n<p>    &#13;<\/p>\n<p>Le proteste <\/p>\n<p><strong>A scatenare le proteste di questi giorni sono state la crisi economica e l&#8217;inflazione alle stelle<\/strong>. E a Teheran e dintorni non sono mancati gli slogan a favore di <strong>Reza Pahlavi<\/strong>, figlio in esilio dell&#8217;ultimo sci\u00e0, che dai media americani si fa avanti dicendosi pronto \u00abper guidare una transizione verso la democrazia\u00bb e auspicando un \u00abcambiamento pacifico\u00bb attraverso un referendum. L&#8217;opposizione iraniana \u00e8 per\u00f2 considerata molto diversificata e frammentata e non \u00e8 chiaro quale sia l&#8217;effettivo sostegno a Pahlavi. In questi ultimi giorni si registrano proteste anche nelle zone occidentali dell&#8217;Iran\u00a0abitate principalmente dalle minoranze curde. <\/p>\n<p>Le contestazioni sono partite dai commercianti, i bazar\u00ec, ma si sono presto estese agli studenti e ad altre fasce della popolazione allargandosi a macchia d&#8217;olio in almeno 17 province su 31, rivela la Bbc: comprese alcune dove tradizionalmente si ritiene che la Repubblica islamica goda di un certo sostegno come quella di Qom, nel cuore dell&#8217;Iran, e quella nord-orientale di Mashhad.La repressione <\/p>\n<p><strong>La polizia iraniana \u00e8 accusata di una durissima repressione e persino di aver sparato contro i dimostranti, e secondo l&#8217;ong per la difesa dei diritti umani\u00a0Iran\u00a0Human Rights (Ihr) sarebbero\u00a0almeno 45 le persone uccise\u00a0dalle forze di sicurezza iraniane.<\/strong>\u00a0L&#8217;ong con sede in Norvegia sostiene che mercoled\u00ec sia stato il pi\u00f9 sanguinoso dei 12 giorni di proteste, con 13 manifestanti uccisi. \u00abLe prove dimostrano che la repressione sta diventando ogni giorno pi\u00f9 violenta e pi\u00f9 estesa\u00bb, ha affermato il direttore dell&#8217;Ihr, Mahmood Amiry-Moghaddam, secondo cui inoltre centinaia di persone sono rimaste ferite e oltre 2.000 sono state arrestate. Secondo un conteggio dell&#8217;Afp, i media iraniani e le dichiarazioni ufficiali hanno riportato almeno 21 morti, compresi membri delle forze di sicurezza, dall&#8217;inizio delle proteste.<\/p>\n<p>Le reazioni <\/p>\n<p>Il presidente Massoud Pezeshkian appare preoccupato dalle proteste e ha dichiarato, tramite il suo vice, che le forze di sicurezza non dovrebbero intraprendere \u00abalcuna azione\u00bb contro chi scende in piazza pacificamente. Ma ha anche definito \u00abrivoltosi\u00bb chiunque \u00abporti armi da fuoco, coltelli e machete e attacchi stazioni di polizia e siti militari\u00bb. Secondo diversi osservatori, le proteste &#8211; che vanno avanti senza sosta dalla fine di dicembre &#8211; non hanno per ora raggiunto le dimensioni di quelle del 2022, ma arrivano in un momento di particolare debolezza del governo di Teheran sul piano internazionale, e molti manifestanti chiedono esplicitamente che l&#8217;ayatollah Ali Khamenei abbandoni il potere.<\/p>\n<p>Le pressioni americane <\/p>\n<p>Alle pressioni interne si sommano poi quelle americane, con il presidente Usa <strong><a href=\"https:\/\/www.ilmessaggero.it\/t\/donald-trump\" rel=\"nofollow noopener\" target=\"_blank\">Donald Trump<\/a>\u00a0<\/strong>che ha messo in guardia il Paese, dicendo che sar\u00e0\u00a0\u00abcolpito duramente se uccider\u00e0 i manifestanti\u00bb. Tanto che, secondo una \u00abrelazione di intelligence\u00bb citata dal Times, la Guida suprema avrebbe \u00abun piano di riserva per fuggire dal Paese\u00bb con la famiglia e una ventina di fedelissimi \u00abnel caso in cui le sue forze di sicurezza non riuscissero a reprimere le proteste o disertassero\u00bb. Intanto\u00a0Reza Pahlavi, figlio dell&#8217;ultimo Sci\u00e0 dell&#8217;Iran, \u00e8 atteso a Mar-a-Lago marted\u00ec prossimo. Ad annunciarlo, su X, \u00e8 l&#8217;influencer di estrema destra americana Laura Loomer. Un incontro con il presidente americano Donald Trump non \u00e8 ancora confermato, aggiunge l&#8217;influencer, ma la notizia, se confermata, rafforzerebbe le ambizioni dello stesso Reza di proporsi come leader delle proteste che da giorni scuotono il Paese e di ottenere la benedizione del tycoon per guidare un cambio di regime a Teheran.<\/p>\n<p>Blackout di internet in tutta la nazione <\/p>\n<p>In serata, l&#8217;ente di controllo online Netblocks ha segnalato su X un <strong><a href=\"https:\/\/www.ilmessaggero.it\/t\/blackout-\" rel=\"nofollow noopener\" target=\"_blank\">blackout<\/a>\u00a0<\/strong>di Internet a Teheran e in molte citt\u00e0 del&#8217;Iran. \u00abL&#8217;evento segue una serie di crescenti misure di censura digitale che prendono di mira le proteste in tutto il Paese e ostacolano il diritto del pubblico a comunicare in un momento critico\u00bb, afferma il gruppo sui social.<\/p>\n<p>&#13;<br \/>\n                            \u00a9 RIPRODUZIONE RISERVATA&#13;<\/p>\n<p>&#13;<\/p>\n","protected":false},"excerpt":{"rendered":"Il punto sui temi di attualit\u00e0, ogni luned\u00ec Iscriviti e ricevi le notizie via email \u00abQuesta non \u00e8&hellip;\n","protected":false},"author":3,"featured_media":297576,"comment_status":"","ping_status":"","sticky":false,"template":"","format":"standard","meta":{"footnotes":""},"categories":[6],"tags":[15827,14,206,8,8118,764,1537,90,89,7,15,82,9,83,10,174793,13,11,80,84,12,81,85],"class_list":{"0":"post-297575","1":"post","2":"type-post","3":"status-publish","4":"format-standard","5":"has-post-thumbnail","7":"category-ultime-notizie","8":"tag-blackout","9":"tag-cronaca","10":"tag-donald-trump","11":"tag-headlines","12":"tag-internet","13":"tag-iran","14":"tag-it","15":"tag-italia","16":"tag-italy","17":"tag-news","18":"tag-notizie","19":"tag-notizie-di-cronaca","20":"tag-notizie-principali","21":"tag-notiziedicronaca","22":"tag-notizieprincipali","23":"tag-proteste-iran","24":"tag-titoli","25":"tag-ultime-notizie","26":"tag-ultime-notizie-di-cronaca","27":"tag-ultime-notizie-e-news-di-oggi","28":"tag-ultimenotizie","29":"tag-ultimenotiziedicronaca","30":"tag-ultimenotizieenewsdioggi"},"share_on_mastodon":{"url":"https:\/\/pubeurope.com\/@it\/115862254562781169","error":""},"_links":{"self":[{"href":"https:\/\/www.europesays.com\/it\/wp-json\/wp\/v2\/posts\/297575","targetHints":{"allow":["GET"]}}],"collection":[{"href":"https:\/\/www.europesays.com\/it\/wp-json\/wp\/v2\/posts"}],"about":[{"href":"https:\/\/www.europesays.com\/it\/wp-json\/wp\/v2\/types\/post"}],"author":[{"embeddable":true,"href":"https:\/\/www.europesays.com\/it\/wp-json\/wp\/v2\/users\/3"}],"replies":[{"embeddable":true,"href":"https:\/\/www.europesays.com\/it\/wp-json\/wp\/v2\/comments?post=297575"}],"version-history":[{"count":0,"href":"https:\/\/www.europesays.com\/it\/wp-json\/wp\/v2\/posts\/297575\/revisions"}],"wp:featuredmedia":[{"embeddable":true,"href":"https:\/\/www.europesays.com\/it\/wp-json\/wp\/v2\/media\/297576"}],"wp:attachment":[{"href":"https:\/\/www.europesays.com\/it\/wp-json\/wp\/v2\/media?parent=297575"}],"wp:term":[{"taxonomy":"category","embeddable":true,"href":"https:\/\/www.europesays.com\/it\/wp-json\/wp\/v2\/categories?post=297575"},{"taxonomy":"post_tag","embeddable":true,"href":"https:\/\/www.europesays.com\/it\/wp-json\/wp\/v2\/tags?post=297575"}],"curies":[{"name":"wp","href":"https:\/\/api.w.org\/{rel}","templated":true}]}}